{"id":9778,"date":"2024-10-30T15:10:11","date_gmt":"2024-10-30T15:10:11","guid":{"rendered":"https:\/\/turkblogs.com\/?p=9778"},"modified":"2024-10-30T15:19:01","modified_gmt":"2024-10-30T15:19:01","slug":"spezia-calcio-tarihi","status":"publish","type":"post","link":"https:\/\/turkblogs.com\/tr\/spezia-calcio-tarihi\/","title":{"rendered":"Spezia Calcio Tarihi | Ba\u015far\u0131lar ve \u00d6ne \u00c7\u0131kan Oyuncular"},"content":{"rendered":"\n<h2 class=\"wp-block-heading\" id=\"h-spezia-calcio-kurulus-tarihi-ve-amaclari\"><strong>Spezia Calcio Kurulu\u015f Tarihi ve Ama\u00e7lar\u0131<\/strong><\/h2>\n\n\n\n<p>Spezia Calcio Tarihi, 1906 y\u0131l\u0131nda \u0130talya\u2019n\u0131n Liguria b\u00f6lgesindeki La Spezia \u015fehrinde kuruldu. Kul\u00fcp, \u015fehri yerel yar\u0131\u015fmalarda temsil etmek amac\u0131yla kurularak alt liglerde futbol yolculu\u011funa ba\u015flad\u0131. Beyaz ve siyah renklerini benimseyen Spezia, bu renklerle tan\u0131n\u0131r hale gelmi\u015ftir.<\/p>\n\n\n\n<h2 class=\"wp-block-heading\" id=\"h-onemli-donum-noktalari-ve-tarihsel-gelismeler\"><strong>\u00d6nemli D\u00f6n\u00fcm Noktalar\u0131 ve Tarihsel Geli\u015fmeler<\/strong><\/h2>\n\n\n\n<p>Uzun tarihi boyunca Spezia, \u00e7e\u015fitli liglerde y\u00fckselip d\u00fc\u015fme deneyimleri ya\u015fam\u0131\u015ft\u0131r. Kul\u00fcb\u00fcn tarihindeki \u00f6nemli anlardan biri, II. D\u00fcnya Sava\u015f\u0131 s\u0131ras\u0131nda 1944 y\u0131l\u0131nda \u0130talya Askeri \u015eampiyonas\u0131\u2019n\u0131 kazanmas\u0131d\u0131r. Sava\u015f\u0131n ard\u0131ndan kul\u00fcp, yerel liglerdeki m\u00fccadelesine devam etmi\u015ftir. Alt liglerde uzun y\u0131llar ge\u00e7irdikten sonra Spezia, 2020-2021 sezonunda ilk kez Serie A\u2019ya y\u00fckselerek \u00f6nemli bir ba\u015far\u0131 elde etmi\u015ftir.<\/p>\n\n\n\n<h2 class=\"wp-block-heading\" id=\"h-yerli-ve-uluslararasi-basarilar\"><strong>Yerli ve Uluslararas\u0131 Ba\u015far\u0131lar<\/strong><\/h2>\n\n\n\n<p>Spezia, b\u00fcy\u00fck yerel veya uluslararas\u0131 kupalar kazanmam\u0131\u015f olsa da, Serie A\u2019ya y\u00fckselmesi kul\u00fcb\u00fcn en \u00f6nemli ba\u015far\u0131lar\u0131 aras\u0131nda yer almaktad\u0131r. Ayr\u0131ca, 1944 \u0130talya Askeri \u015eampiyonas\u0131 zaferi, kul\u00fcb\u00fcn miras\u0131n\u0131n ve tarihinin \u00f6nemli bir par\u00e7as\u0131 olarak kalm\u0131\u015ft\u0131r.<\/p>\n\n\n\n<h2 class=\"wp-block-heading\" id=\"h-tarih-boyunca-one-cikan-oyuncular-ve-antrenorler\"><strong>Tarih Boyunca \u00d6ne \u00c7\u0131kan Oyuncular ve Antren\u00f6rler<\/strong><\/h2>\n\n\n\n<p>Spezia, kul\u00fcb\u00fcn konumunu g\u00fc\u00e7lendiren bir\u00e7ok \u00f6nemli oyuncu ve antren\u00f6re ev sahipli\u011fi yapm\u0131\u015ft\u0131r. <strong>Emmanuel Gyasi<\/strong>, Spezia\u2019n\u0131n Serie A\u2019ya y\u00fckselmesinde katk\u0131da bulunan kilit oyunculardan biridir. Teknik direkt\u00f6r <strong>Vincenzo Italiano<\/strong>, Serie A\u2019ya tarihi y\u00fckseli\u015f s\u0131ras\u0131nda etkili taktikleri ve g\u00fc\u00e7l\u00fc y\u00f6netimi ile tak\u0131m\u0131n performans\u0131n\u0131 geli\u015ftirmi\u015ftir.<\/p>\n\n\n\n<h2 class=\"wp-block-heading\" id=\"h-yonetim-degisiklikleri-ve-stratejik-politikalar\"><strong>Y\u00f6netim De\u011fi\u015fiklikleri ve Stratejik Politikalar<\/strong><\/h2>\n\n\n\n<p>Spezia, y\u0131llar i\u00e7inde bir\u00e7ok y\u00f6netim de\u011fi\u015fikli\u011fi ya\u015fam\u0131\u015f, yeni sahipler finansal destek ve istikrar sa\u011flamaya odaklanm\u0131\u015ft\u0131r. Mevcut y\u00f6netim, gen\u00e7 oyuncular\u0131n \u00e7ekilmesi ve kul\u00fcb\u00fcn akademisinin geli\u015ftirilmesine \u00f6nem vermekte, b\u00f6ylece Serie A\u2019daki ba\u015far\u0131n\u0131n s\u00fcrd\u00fcr\u00fclmesi ve gen\u00e7 yeteneklerin geli\u015ftirilmesi hedeflenmektedir.<\/p>\n\n\n\n<h2 class=\"wp-block-heading\" id=\"h-spezia-nin-yolculugunda-taraftarlarin-rolu\"><strong>Spezia\u2019n\u0131n Yolculu\u011funda Taraftarlar\u0131n Rol\u00fc<\/strong><\/h2>\n\n\n\n<p>Spezia taraftarlar\u0131, alt liglerde ge\u00e7en y\u0131llar boyunca kul\u00fcplerine olan ba\u011fl\u0131l\u0131klar\u0131 ve Serie A\u2019ya y\u00fckselmelerini kutlayarak tan\u0131n\u0131rlar. &#8220;Stadio Alberto Picco&#8221; taraftarlar\u0131n\u0131n co\u015fkulu deste\u011fiyle tan\u0131n\u0131r ve bu atmosfer, ma\u00e7larda tak\u0131m\u0131n moralini y\u00fckseltir.<\/p>\n\n\n\n<h2 class=\"wp-block-heading\" id=\"h-avrupa-rekabetleri-ve-uluslararasi-hedefler\"><strong>Avrupa Rekabetleri ve Uluslararas\u0131 Hedefler<\/strong><\/h2>\n\n\n\n<p>Spezia hen\u00fcz Avrupa turnuvalar\u0131nda yer almam\u0131\u015f olsa da, kul\u00fcp Serie A\u2019daki performans\u0131n\u0131 iyile\u015ftirerek Avrupa\u2019ya kat\u0131l\u0131m sa\u011flayacak bir pozisyon elde etmeyi hedeflemektedir. Bu uzun vadeli hedef, kul\u00fcb\u00fcn Avrupa sahnesine ula\u015fma konusundaki h\u0131rs\u0131n\u0131 yans\u0131tmaktad\u0131r.<\/p>\n\n\n\n<h2 class=\"wp-block-heading\" id=\"h-gelecek-planlari-ve-hedefler\"><strong>Gelecek Planlar\u0131 ve Hedefler<\/strong><\/h2>\n\n\n\n<p>Spezia, Serie A\u2019daki yerini koruyarak rekabet g\u00fcc\u00fcn\u00fc art\u0131rmay\u0131 hedeflemekte; gen\u00e7 yeteneklerin \u00e7ekilmesine, akademiye yat\u0131r\u0131m yapmaya ve finansal istikrar\u0131n sa\u011flanmas\u0131na odaklanmaktad\u0131r. Kul\u00fcp, Avrupa\u2019ya kat\u0131lma yolunda ba\u015far\u0131lar\u0131n\u0131 devam ettirmek istemektedir.<\/p>\n\n\n\n<hr class=\"wp-block-separator has-alpha-channel-opacity\"\/>\n\n\n\n<p>Zorluklara ra\u011fmen Spezia Calcio, <a href=\"https:\/\/www.speziacalcio.com\/\">azim <\/a>ve \u00e7al\u0131\u015fkanl\u0131\u011f\u0131n bir \u00f6rne\u011fidir.<\/p>\n\n\n\n<hr class=\"wp-block-separator has-alpha-channel-opacity\"\/>\n\n\n\n<p><strong>Spezia Calcio Tarihi | Ba\u015far\u0131lar ve \u00d6ne \u00c7\u0131kan Oyuncular adl\u0131 makalemiz hakk\u0131nda yorumla\u0131n\u0131z\u0131 bekliyoruz.<\/strong><\/p>\n\n\n\n<p><strong>Daha fazla makale i\u00e7in ana sayfam\u0131z olan&nbsp;<a href=\"https:\/\/turkblogs.com\/tr\/\">Turk Blogs<\/a>\u2018u ziyaret edin.<\/strong><\/p>\n","protected":false},"excerpt":{"rendered":"<p>Spezia Calcio Kurulu\u015f Tarihi ve Ama\u00e7lar\u0131 Spezia Calcio Tarihi, 1906 y\u0131l\u0131nda \u0130talya\u2019n\u0131n Liguria b\u00f6lgesindeki La Spezia \u015fehrinde kuruldu. Kul\u00fcp, \u015fehri yerel yar\u0131\u015fmalarda temsil etmek amac\u0131yla kurularak alt liglerde futbol yolculu\u011funa ba\u015flad\u0131. Beyaz ve siyah renklerini benimseyen Spezia, bu renklerle tan\u0131n\u0131r hale gelmi\u015ftir. \u00d6nemli D\u00f6n\u00fcm Noktalar\u0131 ve Tarihsel Geli\u015fmeler Uzun tarihi boyunca Spezia, \u00e7e\u015fitli liglerde y\u00fckselip [&hellip;]<\/p>\n","protected":false},"author":1,"featured_media":9768,"comment_status":"open","ping_status":"open","sticky":false,"template":"","format":"standard","meta":{"footnotes":""},"categories":[65],"tags":[3850,4177,4176,4174,4172,4167,4173,4175],"class_list":{"0":"post-9778","1":"post","2":"type-post","3":"status-publish","4":"format-standard","5":"has-post-thumbnail","7":"category-spor","8":"tag-serie-a","9":"tag-spezia-2","10":"tag-spezia-antrenorleri","11":"tag-spezia-basarilari","12":"tag-spezia-calcio-tarihi","13":"tag-spezia-fc","14":"tag-spezia-futbol-kulubu","15":"tag-spezia-oyunculari"},"yoast_head":"<!-- This site is optimized with the Yoast SEO plugin v27.5 - https:\/\/yoast.com\/product\/yoast-seo-wordpress\/ -->\n<title>Spezia Calcio Tarihi | Ba\u015far\u0131lar ve \u00d6ne \u00c7\u0131kan Oyuncular - Turk Blogs<\/title>\n<meta name=\"description\" content=\"Spezia Calcio Tarihi ke\u015ffedin; kurulu\u015fundan \u00f6nemli ba\u015far\u0131lar\u0131na, kul\u00fcb\u00fc \u015fekillendiren oyunculara ve antren\u00f6rlere kadar.\" \/>\n<meta name=\"robots\" content=\"index, follow, max-snippet:-1, max-image-preview:large, max-video-preview:-1\" \/>\n<link rel=\"canonical\" href=\"https:\/\/turkblogs.com\/tr\/spezia-calcio-tarihi\/\" \/>\n<meta property=\"og:locale\" content=\"tr_TR\" \/>\n<meta property=\"og:type\" content=\"article\" \/>\n<meta property=\"og:title\" content=\"Spezia Calcio Tarihi | Ba\u015far\u0131lar ve \u00d6ne \u00c7\u0131kan Oyuncular - Turk Blogs\" \/>\n<meta property=\"og:description\" content=\"Spezia Calcio Tarihi ke\u015ffedin; kurulu\u015fundan \u00f6nemli ba\u015far\u0131lar\u0131na, kul\u00fcb\u00fc \u015fekillendiren oyunculara ve antren\u00f6rlere kadar.\" \/>\n<meta property=\"og:url\" content=\"https:\/\/turkblogs.com\/tr\/spezia-calcio-tarihi\/\" \/>\n<meta property=\"og:site_name\" content=\"Turk Blogs\" \/>\n<meta property=\"article:publisher\" content=\"https:\/\/www.facebook.com\/profile.php?id=61554105234628\" \/>\n<meta property=\"article:published_time\" content=\"2024-10-30T15:10:11+00:00\" \/>\n<meta property=\"article:modified_time\" content=\"2024-10-30T15:19:01+00:00\" \/>\n<meta property=\"og:image\" content=\"https:\/\/turkblogs.com\/wp-content\/uploads\/2024\/10\/\u062a\u0627\u0631\u064a\u062e-\u0646\u0627\u062f\u064a-\u0633\u0628\u064a\u0632\u064a\u0627-\u0643\u0627\u0644\u062a\u0634\u064a\u0648-\u0627\u0644\u0627\u064a\u0637\u0627\u0644\u064a.png\" \/>\n\t<meta property=\"og:image:width\" content=\"710\" \/>\n\t<meta property=\"og:image:height\" content=\"444\" \/>\n\t<meta property=\"og:image:type\" content=\"image\/png\" \/>\n<meta name=\"author\" content=\"Bedir KAYA\" \/>\n<meta name=\"twitter:card\" content=\"summary_large_image\" \/>\n<meta name=\"twitter:creator\" content=\"@turkblogs\" \/>\n<meta name=\"twitter:site\" content=\"@turkblogs\" \/>\n<meta name=\"twitter:label1\" content=\"Yazan:\" \/>\n\t<meta name=\"twitter:data1\" content=\"Bedir KAYA\" \/>\n\t<meta name=\"twitter:label2\" content=\"Tahmini okuma s\u00fcresi\" \/>\n\t<meta name=\"twitter:data2\" content=\"3 dakika\" \/>\n<script type=\"application\/ld+json\" class=\"yoast-schema-graph\">{\"@context\":\"https:\\\/\\\/schema.org\",\"@graph\":[{\"@type\":\"Article\",\"@id\":\"https:\\\/\\\/turkblogs.com\\\/tr\\\/spezia-calcio-tarihi\\\/#article\",\"isPartOf\":{\"@id\":\"https:\\\/\\\/turkblogs.com\\\/tr\\\/spezia-calcio-tarihi\\\/\"},\"author\":{\"name\":\"Bedir KAYA\",\"@id\":\"https:\\\/\\\/turkblogs.com\\\/tr\\\/#\\\/schema\\\/person\\\/c80e947f9053fd02278fab3e1aa4adb9\"},\"headline\":\"Spezia Calcio Tarihi | Ba\u015far\u0131lar ve \u00d6ne \u00c7\u0131kan Oyuncular\",\"datePublished\":\"2024-10-30T15:10:11+00:00\",\"dateModified\":\"2024-10-30T15:19:01+00:00\",\"mainEntityOfPage\":{\"@id\":\"https:\\\/\\\/turkblogs.com\\\/tr\\\/spezia-calcio-tarihi\\\/\"},\"wordCount\":558,\"commentCount\":0,\"publisher\":{\"@id\":\"https:\\\/\\\/turkblogs.com\\\/tr\\\/#organization\"},\"image\":{\"@id\":\"https:\\\/\\\/turkblogs.com\\\/tr\\\/spezia-calcio-tarihi\\\/#primaryimage\"},\"thumbnailUrl\":\"https:\\\/\\\/turkblogs.com\\\/wp-content\\\/uploads\\\/2024\\\/10\\\/\u062a\u0627\u0631\u064a\u062e-\u0646\u0627\u062f\u064a-\u0633\u0628\u064a\u0632\u064a\u0627-\u0643\u0627\u0644\u062a\u0634\u064a\u0648-\u0627\u0644\u0627\u064a\u0637\u0627\u0644\u064a.png\",\"keywords\":[\"Serie A\",\"Spezia\",\"Spezia antren\u00f6rleri\",\"Spezia ba\u015far\u0131lar\u0131\",\"Spezia Calcio tarihi\",\"Spezia FC\",\"Spezia futbol kul\u00fcb\u00fc\",\"Spezia oyuncular\u0131\"],\"articleSection\":[\"Spor\"],\"inLanguage\":\"tr\",\"potentialAction\":[{\"@type\":\"CommentAction\",\"name\":\"Comment\",\"target\":[\"https:\\\/\\\/turkblogs.com\\\/tr\\\/spezia-calcio-tarihi\\\/#respond\"]}]},{\"@type\":\"WebPage\",\"@id\":\"https:\\\/\\\/turkblogs.com\\\/tr\\\/spezia-calcio-tarihi\\\/\",\"url\":\"https:\\\/\\\/turkblogs.com\\\/tr\\\/spezia-calcio-tarihi\\\/\",\"name\":\"Spezia Calcio Tarihi | Ba\u015far\u0131lar ve \u00d6ne \u00c7\u0131kan Oyuncular - Turk Blogs\",\"isPartOf\":{\"@id\":\"https:\\\/\\\/turkblogs.com\\\/tr\\\/#website\"},\"primaryImageOfPage\":{\"@id\":\"https:\\\/\\\/turkblogs.com\\\/tr\\\/spezia-calcio-tarihi\\\/#primaryimage\"},\"image\":{\"@id\":\"https:\\\/\\\/turkblogs.com\\\/tr\\\/spezia-calcio-tarihi\\\/#primaryimage\"},\"thumbnailUrl\":\"https:\\\/\\\/turkblogs.com\\\/wp-content\\\/uploads\\\/2024\\\/10\\\/\u062a\u0627\u0631\u064a\u062e-\u0646\u0627\u062f\u064a-\u0633\u0628\u064a\u0632\u064a\u0627-\u0643\u0627\u0644\u062a\u0634\u064a\u0648-\u0627\u0644\u0627\u064a\u0637\u0627\u0644\u064a.png\",\"datePublished\":\"2024-10-30T15:10:11+00:00\",\"dateModified\":\"2024-10-30T15:19:01+00:00\",\"description\":\"Spezia Calcio Tarihi ke\u015ffedin; kurulu\u015fundan \u00f6nemli ba\u015far\u0131lar\u0131na, kul\u00fcb\u00fc \u015fekillendiren oyunculara ve antren\u00f6rlere kadar.\",\"breadcrumb\":{\"@id\":\"https:\\\/\\\/turkblogs.com\\\/tr\\\/spezia-calcio-tarihi\\\/#breadcrumb\"},\"inLanguage\":\"tr\",\"potentialAction\":[{\"@type\":\"ReadAction\",\"target\":[\"https:\\\/\\\/turkblogs.com\\\/tr\\\/spezia-calcio-tarihi\\\/\"]}]},{\"@type\":\"ImageObject\",\"inLanguage\":\"tr\",\"@id\":\"https:\\\/\\\/turkblogs.com\\\/tr\\\/spezia-calcio-tarihi\\\/#primaryimage\",\"url\":\"https:\\\/\\\/turkblogs.com\\\/wp-content\\\/uploads\\\/2024\\\/10\\\/\u062a\u0627\u0631\u064a\u062e-\u0646\u0627\u062f\u064a-\u0633\u0628\u064a\u0632\u064a\u0627-\u0643\u0627\u0644\u062a\u0634\u064a\u0648-\u0627\u0644\u0627\u064a\u0637\u0627\u0644\u064a.png\",\"contentUrl\":\"https:\\\/\\\/turkblogs.com\\\/wp-content\\\/uploads\\\/2024\\\/10\\\/\u062a\u0627\u0631\u064a\u062e-\u0646\u0627\u062f\u064a-\u0633\u0628\u064a\u0632\u064a\u0627-\u0643\u0627\u0644\u062a\u0634\u064a\u0648-\u0627\u0644\u0627\u064a\u0637\u0627\u0644\u064a.png\",\"width\":710,\"height\":444,\"caption\":\"Spezia Calcio Tarihi | Ba\u015far\u0131lar ve \u00d6ne \u00c7\u0131kan Oyuncular\"},{\"@type\":\"BreadcrumbList\",\"@id\":\"https:\\\/\\\/turkblogs.com\\\/tr\\\/spezia-calcio-tarihi\\\/#breadcrumb\",\"itemListElement\":[{\"@type\":\"ListItem\",\"position\":1,\"name\":\"\u0627\u0644\u0631\u0626\u064a\u0633\u064a\u0629\",\"item\":\"https:\\\/\\\/turkblogs.com\\\/tr\\\/\"},{\"@type\":\"ListItem\",\"position\":2,\"name\":\"Spezia Calcio Tarihi | Ba\u015far\u0131lar ve \u00d6ne \u00c7\u0131kan Oyuncular\"}]},{\"@type\":\"WebSite\",\"@id\":\"https:\\\/\\\/turkblogs.com\\\/tr\\\/#website\",\"url\":\"https:\\\/\\\/turkblogs.com\\\/tr\\\/\",\"name\":\"Turk Blogs\",\"description\":\"Stay informed with Turk Blogs \u2013 your source for the latest news and insights on Turkey and\u00a0global\u00a0events.\",\"publisher\":{\"@id\":\"https:\\\/\\\/turkblogs.com\\\/tr\\\/#organization\"},\"potentialAction\":[{\"@type\":\"SearchAction\",\"target\":{\"@type\":\"EntryPoint\",\"urlTemplate\":\"https:\\\/\\\/turkblogs.com\\\/tr\\\/?s={search_term_string}\"},\"query-input\":{\"@type\":\"PropertyValueSpecification\",\"valueRequired\":true,\"valueName\":\"search_term_string\"}}],\"inLanguage\":\"tr\"},{\"@type\":\"Organization\",\"@id\":\"https:\\\/\\\/turkblogs.com\\\/tr\\\/#organization\",\"name\":\"Turk Blogs\",\"url\":\"https:\\\/\\\/turkblogs.com\\\/tr\\\/\",\"logo\":{\"@type\":\"ImageObject\",\"inLanguage\":\"tr\",\"@id\":\"https:\\\/\\\/turkblogs.com\\\/tr\\\/#\\\/schema\\\/logo\\\/image\\\/\",\"url\":\"https:\\\/\\\/turkblogs.com\\\/wp-content\\\/uploads\\\/2023\\\/11\\\/tr-blogo-logo-icon.png\",\"contentUrl\":\"https:\\\/\\\/turkblogs.com\\\/wp-content\\\/uploads\\\/2023\\\/11\\\/tr-blogo-logo-icon.png\",\"width\":100,\"height\":100,\"caption\":\"Turk Blogs\"},\"image\":{\"@id\":\"https:\\\/\\\/turkblogs.com\\\/tr\\\/#\\\/schema\\\/logo\\\/image\\\/\"},\"sameAs\":[\"https:\\\/\\\/www.facebook.com\\\/profile.php?id=61554105234628\",\"https:\\\/\\\/x.com\\\/turkblogs\"]},{\"@type\":\"Person\",\"@id\":\"https:\\\/\\\/turkblogs.com\\\/tr\\\/#\\\/schema\\\/person\\\/c80e947f9053fd02278fab3e1aa4adb9\",\"name\":\"Bedir KAYA\",\"image\":{\"@type\":\"ImageObject\",\"inLanguage\":\"tr\",\"@id\":\"https:\\\/\\\/secure.gravatar.com\\\/avatar\\\/6fc6aa9fc4b8c21f6622cf94889a482227ef0c6018e0d0fa080dba904dd8b55d?s=96&d=mm&r=g\",\"url\":\"https:\\\/\\\/secure.gravatar.com\\\/avatar\\\/6fc6aa9fc4b8c21f6622cf94889a482227ef0c6018e0d0fa080dba904dd8b55d?s=96&d=mm&r=g\",\"contentUrl\":\"https:\\\/\\\/secure.gravatar.com\\\/avatar\\\/6fc6aa9fc4b8c21f6622cf94889a482227ef0c6018e0d0fa080dba904dd8b55d?s=96&d=mm&r=g\",\"caption\":\"Bedir KAYA\"},\"sameAs\":[\"https:\\\/\\\/turkblogs.com\"],\"url\":\"https:\\\/\\\/turkblogs.com\\\/tr\\\/author\\\/invest55332\\\/\"}]}<\/script>\n<!-- \/ Yoast SEO plugin. -->","yoast_head_json":{"title":"Spezia Calcio Tarihi | Ba\u015far\u0131lar ve \u00d6ne \u00c7\u0131kan Oyuncular - Turk Blogs","description":"Spezia Calcio Tarihi ke\u015ffedin; kurulu\u015fundan \u00f6nemli ba\u015far\u0131lar\u0131na, kul\u00fcb\u00fc \u015fekillendiren oyunculara ve antren\u00f6rlere kadar.","robots":{"index":"index","follow":"follow","max-snippet":"max-snippet:-1","max-image-preview":"max-image-preview:large","max-video-preview":"max-video-preview:-1"},"canonical":"https:\/\/turkblogs.com\/tr\/spezia-calcio-tarihi\/","og_locale":"tr_TR","og_type":"article","og_title":"Spezia Calcio Tarihi | Ba\u015far\u0131lar ve \u00d6ne \u00c7\u0131kan Oyuncular - Turk Blogs","og_description":"Spezia Calcio Tarihi ke\u015ffedin; kurulu\u015fundan \u00f6nemli ba\u015far\u0131lar\u0131na, kul\u00fcb\u00fc \u015fekillendiren oyunculara ve antren\u00f6rlere kadar.","og_url":"https:\/\/turkblogs.com\/tr\/spezia-calcio-tarihi\/","og_site_name":"Turk Blogs","article_publisher":"https:\/\/www.facebook.com\/profile.php?id=61554105234628","article_published_time":"2024-10-30T15:10:11+00:00","article_modified_time":"2024-10-30T15:19:01+00:00","og_image":[{"width":710,"height":444,"url":"https:\/\/turkblogs.com\/wp-content\/uploads\/2024\/10\/\u062a\u0627\u0631\u064a\u062e-\u0646\u0627\u062f\u064a-\u0633\u0628\u064a\u0632\u064a\u0627-\u0643\u0627\u0644\u062a\u0634\u064a\u0648-\u0627\u0644\u0627\u064a\u0637\u0627\u0644\u064a.png","type":"image\/png"}],"author":"Bedir KAYA","twitter_card":"summary_large_image","twitter_creator":"@turkblogs","twitter_site":"@turkblogs","twitter_misc":{"Yazan:":"Bedir KAYA","Tahmini okuma s\u00fcresi":"3 dakika"},"schema":{"@context":"https:\/\/schema.org","@graph":[{"@type":"Article","@id":"https:\/\/turkblogs.com\/tr\/spezia-calcio-tarihi\/#article","isPartOf":{"@id":"https:\/\/turkblogs.com\/tr\/spezia-calcio-tarihi\/"},"author":{"name":"Bedir KAYA","@id":"https:\/\/turkblogs.com\/tr\/#\/schema\/person\/c80e947f9053fd02278fab3e1aa4adb9"},"headline":"Spezia Calcio Tarihi | Ba\u015far\u0131lar ve \u00d6ne \u00c7\u0131kan Oyuncular","datePublished":"2024-10-30T15:10:11+00:00","dateModified":"2024-10-30T15:19:01+00:00","mainEntityOfPage":{"@id":"https:\/\/turkblogs.com\/tr\/spezia-calcio-tarihi\/"},"wordCount":558,"commentCount":0,"publisher":{"@id":"https:\/\/turkblogs.com\/tr\/#organization"},"image":{"@id":"https:\/\/turkblogs.com\/tr\/spezia-calcio-tarihi\/#primaryimage"},"thumbnailUrl":"https:\/\/turkblogs.com\/wp-content\/uploads\/2024\/10\/\u062a\u0627\u0631\u064a\u062e-\u0646\u0627\u062f\u064a-\u0633\u0628\u064a\u0632\u064a\u0627-\u0643\u0627\u0644\u062a\u0634\u064a\u0648-\u0627\u0644\u0627\u064a\u0637\u0627\u0644\u064a.png","keywords":["Serie A","Spezia","Spezia antren\u00f6rleri","Spezia ba\u015far\u0131lar\u0131","Spezia Calcio tarihi","Spezia FC","Spezia futbol kul\u00fcb\u00fc","Spezia oyuncular\u0131"],"articleSection":["Spor"],"inLanguage":"tr","potentialAction":[{"@type":"CommentAction","name":"Comment","target":["https:\/\/turkblogs.com\/tr\/spezia-calcio-tarihi\/#respond"]}]},{"@type":"WebPage","@id":"https:\/\/turkblogs.com\/tr\/spezia-calcio-tarihi\/","url":"https:\/\/turkblogs.com\/tr\/spezia-calcio-tarihi\/","name":"Spezia Calcio Tarihi | Ba\u015far\u0131lar ve \u00d6ne \u00c7\u0131kan Oyuncular - Turk Blogs","isPartOf":{"@id":"https:\/\/turkblogs.com\/tr\/#website"},"primaryImageOfPage":{"@id":"https:\/\/turkblogs.com\/tr\/spezia-calcio-tarihi\/#primaryimage"},"image":{"@id":"https:\/\/turkblogs.com\/tr\/spezia-calcio-tarihi\/#primaryimage"},"thumbnailUrl":"https:\/\/turkblogs.com\/wp-content\/uploads\/2024\/10\/\u062a\u0627\u0631\u064a\u062e-\u0646\u0627\u062f\u064a-\u0633\u0628\u064a\u0632\u064a\u0627-\u0643\u0627\u0644\u062a\u0634\u064a\u0648-\u0627\u0644\u0627\u064a\u0637\u0627\u0644\u064a.png","datePublished":"2024-10-30T15:10:11+00:00","dateModified":"2024-10-30T15:19:01+00:00","description":"Spezia Calcio Tarihi ke\u015ffedin; kurulu\u015fundan \u00f6nemli ba\u015far\u0131lar\u0131na, kul\u00fcb\u00fc \u015fekillendiren oyunculara ve antren\u00f6rlere kadar.","breadcrumb":{"@id":"https:\/\/turkblogs.com\/tr\/spezia-calcio-tarihi\/#breadcrumb"},"inLanguage":"tr","potentialAction":[{"@type":"ReadAction","target":["https:\/\/turkblogs.com\/tr\/spezia-calcio-tarihi\/"]}]},{"@type":"ImageObject","inLanguage":"tr","@id":"https:\/\/turkblogs.com\/tr\/spezia-calcio-tarihi\/#primaryimage","url":"https:\/\/turkblogs.com\/wp-content\/uploads\/2024\/10\/\u062a\u0627\u0631\u064a\u062e-\u0646\u0627\u062f\u064a-\u0633\u0628\u064a\u0632\u064a\u0627-\u0643\u0627\u0644\u062a\u0634\u064a\u0648-\u0627\u0644\u0627\u064a\u0637\u0627\u0644\u064a.png","contentUrl":"https:\/\/turkblogs.com\/wp-content\/uploads\/2024\/10\/\u062a\u0627\u0631\u064a\u062e-\u0646\u0627\u062f\u064a-\u0633\u0628\u064a\u0632\u064a\u0627-\u0643\u0627\u0644\u062a\u0634\u064a\u0648-\u0627\u0644\u0627\u064a\u0637\u0627\u0644\u064a.png","width":710,"height":444,"caption":"Spezia Calcio Tarihi | Ba\u015far\u0131lar ve \u00d6ne \u00c7\u0131kan Oyuncular"},{"@type":"BreadcrumbList","@id":"https:\/\/turkblogs.com\/tr\/spezia-calcio-tarihi\/#breadcrumb","itemListElement":[{"@type":"ListItem","position":1,"name":"\u0627\u0644\u0631\u0626\u064a\u0633\u064a\u0629","item":"https:\/\/turkblogs.com\/tr\/"},{"@type":"ListItem","position":2,"name":"Spezia Calcio Tarihi | Ba\u015far\u0131lar ve \u00d6ne \u00c7\u0131kan Oyuncular"}]},{"@type":"WebSite","@id":"https:\/\/turkblogs.com\/tr\/#website","url":"https:\/\/turkblogs.com\/tr\/","name":"Turk Blogs","description":"Stay informed with Turk Blogs \u2013 your source for the latest news and insights on Turkey and\u00a0global\u00a0events.","publisher":{"@id":"https:\/\/turkblogs.com\/tr\/#organization"},"potentialAction":[{"@type":"SearchAction","target":{"@type":"EntryPoint","urlTemplate":"https:\/\/turkblogs.com\/tr\/?s={search_term_string}"},"query-input":{"@type":"PropertyValueSpecification","valueRequired":true,"valueName":"search_term_string"}}],"inLanguage":"tr"},{"@type":"Organization","@id":"https:\/\/turkblogs.com\/tr\/#organization","name":"Turk Blogs","url":"https:\/\/turkblogs.com\/tr\/","logo":{"@type":"ImageObject","inLanguage":"tr","@id":"https:\/\/turkblogs.com\/tr\/#\/schema\/logo\/image\/","url":"https:\/\/turkblogs.com\/wp-content\/uploads\/2023\/11\/tr-blogo-logo-icon.png","contentUrl":"https:\/\/turkblogs.com\/wp-content\/uploads\/2023\/11\/tr-blogo-logo-icon.png","width":100,"height":100,"caption":"Turk Blogs"},"image":{"@id":"https:\/\/turkblogs.com\/tr\/#\/schema\/logo\/image\/"},"sameAs":["https:\/\/www.facebook.com\/profile.php?id=61554105234628","https:\/\/x.com\/turkblogs"]},{"@type":"Person","@id":"https:\/\/turkblogs.com\/tr\/#\/schema\/person\/c80e947f9053fd02278fab3e1aa4adb9","name":"Bedir KAYA","image":{"@type":"ImageObject","inLanguage":"tr","@id":"https:\/\/secure.gravatar.com\/avatar\/6fc6aa9fc4b8c21f6622cf94889a482227ef0c6018e0d0fa080dba904dd8b55d?s=96&d=mm&r=g","url":"https:\/\/secure.gravatar.com\/avatar\/6fc6aa9fc4b8c21f6622cf94889a482227ef0c6018e0d0fa080dba904dd8b55d?s=96&d=mm&r=g","contentUrl":"https:\/\/secure.gravatar.com\/avatar\/6fc6aa9fc4b8c21f6622cf94889a482227ef0c6018e0d0fa080dba904dd8b55d?s=96&d=mm&r=g","caption":"Bedir KAYA"},"sameAs":["https:\/\/turkblogs.com"],"url":"https:\/\/turkblogs.com\/tr\/author\/invest55332\/"}]}},"_links":{"self":[{"href":"https:\/\/turkblogs.com\/tr\/wp-json\/wp\/v2\/posts\/9778","targetHints":{"allow":["GET"]}}],"collection":[{"href":"https:\/\/turkblogs.com\/tr\/wp-json\/wp\/v2\/posts"}],"about":[{"href":"https:\/\/turkblogs.com\/tr\/wp-json\/wp\/v2\/types\/post"}],"author":[{"embeddable":true,"href":"https:\/\/turkblogs.com\/tr\/wp-json\/wp\/v2\/users\/1"}],"replies":[{"embeddable":true,"href":"https:\/\/turkblogs.com\/tr\/wp-json\/wp\/v2\/comments?post=9778"}],"version-history":[{"count":1,"href":"https:\/\/turkblogs.com\/tr\/wp-json\/wp\/v2\/posts\/9778\/revisions"}],"predecessor-version":[{"id":9785,"href":"https:\/\/turkblogs.com\/tr\/wp-json\/wp\/v2\/posts\/9778\/revisions\/9785"}],"wp:featuredmedia":[{"embeddable":true,"href":"https:\/\/turkblogs.com\/tr\/wp-json\/wp\/v2\/media\/9768"}],"wp:attachment":[{"href":"https:\/\/turkblogs.com\/tr\/wp-json\/wp\/v2\/media?parent=9778"}],"wp:term":[{"taxonomy":"category","embeddable":true,"href":"https:\/\/turkblogs.com\/tr\/wp-json\/wp\/v2\/categories?post=9778"},{"taxonomy":"post_tag","embeddable":true,"href":"https:\/\/turkblogs.com\/tr\/wp-json\/wp\/v2\/tags?post=9778"}],"curies":[{"name":"wp","href":"https:\/\/api.w.org\/{rel}","templated":true}]}}