{"id":9729,"date":"2024-10-30T14:46:12","date_gmt":"2024-10-30T14:46:12","guid":{"rendered":"https:\/\/turkblogs.com\/?p=9729"},"modified":"2024-10-30T14:46:14","modified_gmt":"2024-10-30T14:46:14","slug":"lecce-fc-tarihi","status":"publish","type":"post","link":"https:\/\/turkblogs.com\/tr\/lecce-fc-tarihi\/","title":{"rendered":"Lecce FC Tarihi | Ba\u015far\u0131lar ve \u00d6ne \u00c7\u0131kan Oyuncular"},"content":{"rendered":"\n<h2 class=\"wp-block-heading\" id=\"h-lecce-fc-kurulus-tarihi-ve-amaclari\"><strong>Lecce FC Kurulu\u015f Tarihi  ve Ama\u00e7lar\u0131<\/strong><\/h2>\n\n\n\n<p dir=\"ltr\">Lecce FC Tarihi, 1908 y\u0131l\u0131nda \u0130talya\u2019n\u0131n g\u00fcneyindeki Lecce kentinde kuruldu. Kul\u00fcp, kenti yerel yar\u0131\u015fmalarda temsil etmeyi hedeflemi\u015f, sar\u0131 ve k\u0131rm\u0131z\u0131 renklerini benimseyerek \u201cKurtlar\u201d lakab\u0131n\u0131 kazanm\u0131\u015ft\u0131r. Lecce, tarihinin ilk y\u0131llar\u0131n\u0131 alt liglerde ge\u00e7irmi\u015f ve Serie A\u2019ya y\u00fckselmeyi ama\u00e7lam\u0131\u015ft\u0131r.<\/p>\n\n\n\n<h2 class=\"wp-block-heading\" id=\"h-onemli-donum-noktalari-ve-tarihsel-gelismeler\"><strong>\u00d6nemli D\u00f6n\u00fcm Noktalar\u0131 ve Tarihsel Geli\u015fmeler<\/strong><\/h2>\n\n\n\n<p>On y\u0131llar boyunca Lecce, alt liglerden ba\u015flayarak Serie A\u2019ya kadar bir\u00e7ok farkl\u0131 ligde m\u00fccadele etmi\u015ftir. Kul\u00fcb\u00fcn Serie A\u2019daki ilk sezonu 1985-1986 sezonuydu. O zamandan bu yana, Lecce \u00fcst ligdeki m\u00fccadele g\u00fcc\u00fcyle tan\u0131nm\u0131\u015f ve bir\u00e7ok kez Serie A\u2019ya geri d\u00f6nerek dayan\u0131kl\u0131l\u0131\u011f\u0131n\u0131 kan\u0131tlam\u0131\u015ft\u0131r.<\/p>\n\n\n\n<h2 class=\"wp-block-heading\" id=\"h-yerli-ve-uluslararasi-basarilar\"><strong>Yerli ve Uluslararas\u0131 Ba\u015far\u0131lar<\/strong><\/h2>\n\n\n\n<p>Lecce b\u00fcy\u00fck yerel veya uluslararas\u0131 kupalar kazanamam\u0131\u015f olsa da, Serie A\u2019ya yap\u0131lan tekrar eden y\u00fckselmeler kul\u00fcp i\u00e7in \u00f6nemli ba\u015far\u0131lar aras\u0131ndad\u0131r. Kul\u00fcp ayr\u0131ca Serie B\u2019de de ba\u015far\u0131l\u0131 sonu\u00e7lar alarak \u0130talya futbolundaki konumunu g\u00fc\u00e7lendirmi\u015ftir.<\/p>\n\n\n\n<h2 class=\"wp-block-heading\" id=\"h-tarih-boyunca-one-cikan-oyuncular-ve-antrenorler\"><strong>Tarih Boyunca \u00d6ne \u00c7\u0131kan Oyuncular ve Antren\u00f6rler<\/strong><\/h2>\n\n\n\n<p>Lecce, <strong>Marco Baroni<\/strong> ve <strong>Juan Guillermo Cuadrado<\/strong> gibi \u00f6nemli oyunculara ev sahipli\u011fi yapm\u0131\u015ft\u0131r. Ba\u015far\u0131l\u0131 teknik direkt\u00f6rlerden <strong>Franco Palini<\/strong>, Lecce\u2019nin Serie A\u2019da iyi sonu\u00e7lar almas\u0131na katk\u0131 sa\u011flam\u0131\u015f ve kul\u00fcb\u00fc \u0130talya futbol haritas\u0131nda \u00f6ne \u00e7\u0131karm\u0131\u015ft\u0131r.<\/p>\n\n\n\n<h2 class=\"wp-block-heading\" id=\"h-yonetim-degisiklikleri-ve-stratejik-politikalar\"><strong>Y\u00f6netim De\u011fi\u015fiklikleri ve Stratejik Politikalar<\/strong><\/h2>\n\n\n\n<p>Lecce, y\u0131llar i\u00e7inde sahiplik ve y\u00f6netim de\u011fi\u015fiklikleri ya\u015fam\u0131\u015f, ancak mevcut y\u00f6netim gen\u00e7 yeteneklerin geli\u015ftirilmesine ve yerel oyunculara yat\u0131r\u0131m yapmaya odaklanmaktad\u0131r. Kul\u00fcp, gelecekte tak\u0131m\u0131n \u00e7ekirde\u011fini olu\u015fturmak \u00fczere g\u00fc\u00e7l\u00fc bir akademi kurmu\u015ftur.<\/p>\n\n\n\n<h2 class=\"wp-block-heading\" id=\"h-lecce-nin-yolculugunda-taraftarlarin-rolu\"><strong>Lecce\u2019nin Yolculu\u011funda Taraftarlar\u0131n Rol\u00fc<\/strong><\/h2>\n\n\n\n<p>Lecce taraftarlar\u0131, kul\u00fcplerine olan ba\u011fl\u0131l\u0131klar\u0131 ve destekleri ile tan\u0131n\u0131r. &#8220;Stadio Via del Mare&#8221;de sar\u0131 ve k\u0131rm\u0131z\u0131 renklerle co\u015fkulu bir atmosfer olu\u015fturan taraftarlar, kul\u00fcb\u00fcn performans\u0131n\u0131 ve pop\u00fclaritesini art\u0131rmaktad\u0131r.<\/p>\n\n\n\n<h2 class=\"wp-block-heading\" id=\"h-avrupa-rekabetleri-ve-uluslararasi-hedefler\"><strong>Avrupa Rekabetleri ve Uluslararas\u0131 Hedefler<\/strong><\/h2>\n\n\n\n<p>Lecce hen\u00fcz Avrupa turnuvalar\u0131nda yer almam\u0131\u015f olsa da, y\u00f6netim gelecekte Avrupa kupalar\u0131na kat\u0131lmak i\u00e7in kul\u00fcb\u00fcn performans\u0131n\u0131 iyile\u015ftirmeyi hedeflemektedir. Bu hedef, kul\u00fcb\u00fcn uzun vadeli planlar\u0131 aras\u0131nda yer almaktad\u0131r.<\/p>\n\n\n\n<h2 class=\"wp-block-heading\" id=\"h-gelecek-planlari-ve-hedefler\"><strong>Gelecek Planlar\u0131 ve Hedefler<\/strong><\/h2>\n\n\n\n<p>Lecce, Serie A\u2019daki varl\u0131\u011f\u0131n\u0131 s\u00fcrd\u00fcrmeyi hedeflemekte ve akademiyi geli\u015ftirmeye, gelecek vadeden gen\u00e7 oyuncular\u0131 tak\u0131ma kazand\u0131rmaya odaklanmaktad\u0131r. Kul\u00fcp ayr\u0131ca finansal istikrar sa\u011flamay\u0131 ve Avrupa kupalar\u0131na kat\u0131lma hedefine ula\u015fmay\u0131 ama\u00e7lamaktad\u0131r.<\/p>\n\n\n\n<hr class=\"wp-block-separator has-alpha-channel-opacity\"\/>\n\n\n\n<p>Y\u00fckselen bir kul\u00fcp olarak kar\u015f\u0131la\u015ft\u0131\u011f\u0131 zorluklara ra\u011fmen, Lecce FC azimle dolu uzun bir <a href=\"https:\/\/www.uslecce.it\/\">tarihe <\/a>sahiptir.<\/p>\n\n\n\n<hr class=\"wp-block-separator has-alpha-channel-opacity\"\/>\n\n\n\n<p><strong>Lecce FC Tarihi | Ba\u015far\u0131lar ve \u00d6ne \u00c7\u0131kan Oyuncular adl\u0131 makalemiz hakk\u0131nda yorumla\u0131n\u0131z\u0131 bekliyoruz.<\/strong><\/p>\n\n\n\n<p><strong>Daha fazla makale i\u00e7in ana sayfam\u0131z olan&nbsp;<a href=\"https:\/\/turkblogs.com\/tr\/\">Turk Blogs<\/a>\u2018u ziyaret edin.<\/strong><\/p>\n","protected":false},"excerpt":{"rendered":"<p>Lecce FC Kurulu\u015f Tarihi ve Ama\u00e7lar\u0131 Lecce FC Tarihi, 1908 y\u0131l\u0131nda \u0130talya\u2019n\u0131n g\u00fcneyindeki Lecce kentinde kuruldu. Kul\u00fcp, kenti yerel yar\u0131\u015fmalarda temsil etmeyi hedeflemi\u015f, sar\u0131 ve k\u0131rm\u0131z\u0131 renklerini benimseyerek \u201cKurtlar\u201d lakab\u0131n\u0131 kazanm\u0131\u015ft\u0131r. Lecce, tarihinin ilk y\u0131llar\u0131n\u0131 alt liglerde ge\u00e7irmi\u015f ve Serie A\u2019ya y\u00fckselmeyi ama\u00e7lam\u0131\u015ft\u0131r. \u00d6nemli D\u00f6n\u00fcm Noktalar\u0131 ve Tarihsel Geli\u015fmeler On y\u0131llar boyunca Lecce, alt liglerden [&hellip;]<\/p>\n","protected":false},"author":1,"featured_media":9733,"comment_status":"open","ping_status":"open","sticky":false,"template":"","format":"standard","meta":{"footnotes":""},"categories":[65],"tags":[4143,4141,4137,4142,4139,4138,4140,3850],"class_list":{"0":"post-9729","1":"post","2":"type-post","3":"status-publish","4":"format-standard","5":"has-post-thumbnail","7":"category-spor","8":"tag-lecce","9":"tag-lecce-antrenorleri","10":"tag-lecce-basarilari","11":"tag-lecce-fc","12":"tag-lecce-fc-tarihi","13":"tag-lecce-futbol-kulubu","14":"tag-lecce-oyunculari","15":"tag-serie-a"},"yoast_head":"<!-- This site is optimized with the Yoast SEO plugin v27.5 - https:\/\/yoast.com\/product\/yoast-seo-wordpress\/ -->\n<title>Lecce FC Tarihi | Ba\u015far\u0131lar ve \u00d6ne \u00c7\u0131kan Oyuncular - Turk Blogs<\/title>\n<meta name=\"description\" content=\"Lecce FC Tarihi ke\u015ffedin; kurulu\u015fundan b\u00fcy\u00fck ba\u015far\u0131lar\u0131na, kul\u00fcb\u00fc \u015fekillendiren oyunculara ve antren\u00f6rlere kadar.\" \/>\n<meta name=\"robots\" content=\"index, follow, max-snippet:-1, max-image-preview:large, max-video-preview:-1\" \/>\n<link rel=\"canonical\" href=\"https:\/\/turkblogs.com\/tr\/lecce-fc-tarihi\/\" \/>\n<meta property=\"og:locale\" content=\"tr_TR\" \/>\n<meta property=\"og:type\" content=\"article\" \/>\n<meta property=\"og:title\" content=\"Lecce FC Tarihi | Ba\u015far\u0131lar ve \u00d6ne \u00c7\u0131kan Oyuncular - Turk Blogs\" \/>\n<meta property=\"og:description\" content=\"Lecce FC Tarihi ke\u015ffedin; kurulu\u015fundan b\u00fcy\u00fck ba\u015far\u0131lar\u0131na, kul\u00fcb\u00fc \u015fekillendiren oyunculara ve antren\u00f6rlere kadar.\" \/>\n<meta property=\"og:url\" content=\"https:\/\/turkblogs.com\/tr\/lecce-fc-tarihi\/\" \/>\n<meta property=\"og:site_name\" content=\"Turk Blogs\" \/>\n<meta property=\"article:publisher\" content=\"https:\/\/www.facebook.com\/profile.php?id=61554105234628\" \/>\n<meta property=\"article:published_time\" content=\"2024-10-30T14:46:12+00:00\" \/>\n<meta property=\"article:modified_time\" content=\"2024-10-30T14:46:14+00:00\" \/>\n<meta property=\"og:image\" content=\"https:\/\/turkblogs.com\/wp-content\/uploads\/2024\/10\/\u062a\u0627\u0631\u064a\u062e-\u0641\u0631\u064a\u0642-\u0644\u064a\u062a\u0634\u064a-\u0627\u0644\u0627\u064a\u0637\u0627\u0644\u064a.jpg\" \/>\n\t<meta property=\"og:image:width\" content=\"800\" \/>\n\t<meta property=\"og:image:height\" content=\"500\" \/>\n\t<meta property=\"og:image:type\" content=\"image\/jpeg\" \/>\n<meta name=\"author\" content=\"Bedir KAYA\" \/>\n<meta name=\"twitter:card\" content=\"summary_large_image\" \/>\n<meta name=\"twitter:creator\" content=\"@turkblogs\" \/>\n<meta name=\"twitter:site\" content=\"@turkblogs\" \/>\n<meta name=\"twitter:label1\" content=\"Yazan:\" \/>\n\t<meta name=\"twitter:data1\" content=\"Bedir KAYA\" \/>\n\t<meta name=\"twitter:label2\" content=\"Tahmini okuma s\u00fcresi\" \/>\n\t<meta name=\"twitter:data2\" content=\"3 dakika\" \/>\n<script type=\"application\/ld+json\" class=\"yoast-schema-graph\">{\"@context\":\"https:\\\/\\\/schema.org\",\"@graph\":[{\"@type\":\"Article\",\"@id\":\"https:\\\/\\\/turkblogs.com\\\/tr\\\/lecce-fc-tarihi\\\/#article\",\"isPartOf\":{\"@id\":\"https:\\\/\\\/turkblogs.com\\\/tr\\\/lecce-fc-tarihi\\\/\"},\"author\":{\"name\":\"Bedir KAYA\",\"@id\":\"https:\\\/\\\/turkblogs.com\\\/tr\\\/#\\\/schema\\\/person\\\/c80e947f9053fd02278fab3e1aa4adb9\"},\"headline\":\"Lecce FC Tarihi | Ba\u015far\u0131lar ve \u00d6ne \u00c7\u0131kan Oyuncular\",\"datePublished\":\"2024-10-30T14:46:12+00:00\",\"dateModified\":\"2024-10-30T14:46:14+00:00\",\"mainEntityOfPage\":{\"@id\":\"https:\\\/\\\/turkblogs.com\\\/tr\\\/lecce-fc-tarihi\\\/\"},\"wordCount\":512,\"commentCount\":0,\"publisher\":{\"@id\":\"https:\\\/\\\/turkblogs.com\\\/tr\\\/#organization\"},\"image\":{\"@id\":\"https:\\\/\\\/turkblogs.com\\\/tr\\\/lecce-fc-tarihi\\\/#primaryimage\"},\"thumbnailUrl\":\"https:\\\/\\\/turkblogs.com\\\/wp-content\\\/uploads\\\/2024\\\/10\\\/\u062a\u0627\u0631\u064a\u062e-\u0641\u0631\u064a\u0642-\u0644\u064a\u062a\u0634\u064a-\u0627\u0644\u0627\u064a\u0637\u0627\u0644\u064a.jpg\",\"keywords\":[\"Lecce\",\"Lecce antren\u00f6rleri\",\"Lecce ba\u015far\u0131lar\u0131\",\"Lecce FC\",\"Lecce FC tarihi\",\"Lecce futbol kul\u00fcb\u00fc\",\"Lecce oyuncular\u0131\",\"Serie A\"],\"articleSection\":[\"Spor\"],\"inLanguage\":\"tr\",\"potentialAction\":[{\"@type\":\"CommentAction\",\"name\":\"Comment\",\"target\":[\"https:\\\/\\\/turkblogs.com\\\/tr\\\/lecce-fc-tarihi\\\/#respond\"]}]},{\"@type\":\"WebPage\",\"@id\":\"https:\\\/\\\/turkblogs.com\\\/tr\\\/lecce-fc-tarihi\\\/\",\"url\":\"https:\\\/\\\/turkblogs.com\\\/tr\\\/lecce-fc-tarihi\\\/\",\"name\":\"Lecce FC Tarihi | Ba\u015far\u0131lar ve \u00d6ne \u00c7\u0131kan Oyuncular - Turk Blogs\",\"isPartOf\":{\"@id\":\"https:\\\/\\\/turkblogs.com\\\/tr\\\/#website\"},\"primaryImageOfPage\":{\"@id\":\"https:\\\/\\\/turkblogs.com\\\/tr\\\/lecce-fc-tarihi\\\/#primaryimage\"},\"image\":{\"@id\":\"https:\\\/\\\/turkblogs.com\\\/tr\\\/lecce-fc-tarihi\\\/#primaryimage\"},\"thumbnailUrl\":\"https:\\\/\\\/turkblogs.com\\\/wp-content\\\/uploads\\\/2024\\\/10\\\/\u062a\u0627\u0631\u064a\u062e-\u0641\u0631\u064a\u0642-\u0644\u064a\u062a\u0634\u064a-\u0627\u0644\u0627\u064a\u0637\u0627\u0644\u064a.jpg\",\"datePublished\":\"2024-10-30T14:46:12+00:00\",\"dateModified\":\"2024-10-30T14:46:14+00:00\",\"description\":\"Lecce FC Tarihi ke\u015ffedin; kurulu\u015fundan b\u00fcy\u00fck ba\u015far\u0131lar\u0131na, kul\u00fcb\u00fc \u015fekillendiren oyunculara ve antren\u00f6rlere kadar.\",\"breadcrumb\":{\"@id\":\"https:\\\/\\\/turkblogs.com\\\/tr\\\/lecce-fc-tarihi\\\/#breadcrumb\"},\"inLanguage\":\"tr\",\"potentialAction\":[{\"@type\":\"ReadAction\",\"target\":[\"https:\\\/\\\/turkblogs.com\\\/tr\\\/lecce-fc-tarihi\\\/\"]}]},{\"@type\":\"ImageObject\",\"inLanguage\":\"tr\",\"@id\":\"https:\\\/\\\/turkblogs.com\\\/tr\\\/lecce-fc-tarihi\\\/#primaryimage\",\"url\":\"https:\\\/\\\/turkblogs.com\\\/wp-content\\\/uploads\\\/2024\\\/10\\\/\u062a\u0627\u0631\u064a\u062e-\u0641\u0631\u064a\u0642-\u0644\u064a\u062a\u0634\u064a-\u0627\u0644\u0627\u064a\u0637\u0627\u0644\u064a.jpg\",\"contentUrl\":\"https:\\\/\\\/turkblogs.com\\\/wp-content\\\/uploads\\\/2024\\\/10\\\/\u062a\u0627\u0631\u064a\u062e-\u0641\u0631\u064a\u0642-\u0644\u064a\u062a\u0634\u064a-\u0627\u0644\u0627\u064a\u0637\u0627\u0644\u064a.jpg\",\"width\":800,\"height\":500,\"caption\":\"Lecce FC Tarihi | Ba\u015far\u0131lar ve \u00d6ne \u00c7\u0131kan Oyuncular\"},{\"@type\":\"BreadcrumbList\",\"@id\":\"https:\\\/\\\/turkblogs.com\\\/tr\\\/lecce-fc-tarihi\\\/#breadcrumb\",\"itemListElement\":[{\"@type\":\"ListItem\",\"position\":1,\"name\":\"\u0627\u0644\u0631\u0626\u064a\u0633\u064a\u0629\",\"item\":\"https:\\\/\\\/turkblogs.com\\\/tr\\\/\"},{\"@type\":\"ListItem\",\"position\":2,\"name\":\"Lecce FC Tarihi | Ba\u015far\u0131lar ve \u00d6ne \u00c7\u0131kan Oyuncular\"}]},{\"@type\":\"WebSite\",\"@id\":\"https:\\\/\\\/turkblogs.com\\\/tr\\\/#website\",\"url\":\"https:\\\/\\\/turkblogs.com\\\/tr\\\/\",\"name\":\"Turk Blogs\",\"description\":\"Stay informed with Turk Blogs \u2013 your source for the latest news and insights on Turkey and\u00a0global\u00a0events.\",\"publisher\":{\"@id\":\"https:\\\/\\\/turkblogs.com\\\/tr\\\/#organization\"},\"potentialAction\":[{\"@type\":\"SearchAction\",\"target\":{\"@type\":\"EntryPoint\",\"urlTemplate\":\"https:\\\/\\\/turkblogs.com\\\/tr\\\/?s={search_term_string}\"},\"query-input\":{\"@type\":\"PropertyValueSpecification\",\"valueRequired\":true,\"valueName\":\"search_term_string\"}}],\"inLanguage\":\"tr\"},{\"@type\":\"Organization\",\"@id\":\"https:\\\/\\\/turkblogs.com\\\/tr\\\/#organization\",\"name\":\"Turk Blogs\",\"url\":\"https:\\\/\\\/turkblogs.com\\\/tr\\\/\",\"logo\":{\"@type\":\"ImageObject\",\"inLanguage\":\"tr\",\"@id\":\"https:\\\/\\\/turkblogs.com\\\/tr\\\/#\\\/schema\\\/logo\\\/image\\\/\",\"url\":\"https:\\\/\\\/turkblogs.com\\\/wp-content\\\/uploads\\\/2023\\\/11\\\/tr-blogo-logo-icon.png\",\"contentUrl\":\"https:\\\/\\\/turkblogs.com\\\/wp-content\\\/uploads\\\/2023\\\/11\\\/tr-blogo-logo-icon.png\",\"width\":100,\"height\":100,\"caption\":\"Turk Blogs\"},\"image\":{\"@id\":\"https:\\\/\\\/turkblogs.com\\\/tr\\\/#\\\/schema\\\/logo\\\/image\\\/\"},\"sameAs\":[\"https:\\\/\\\/www.facebook.com\\\/profile.php?id=61554105234628\",\"https:\\\/\\\/x.com\\\/turkblogs\"]},{\"@type\":\"Person\",\"@id\":\"https:\\\/\\\/turkblogs.com\\\/tr\\\/#\\\/schema\\\/person\\\/c80e947f9053fd02278fab3e1aa4adb9\",\"name\":\"Bedir KAYA\",\"image\":{\"@type\":\"ImageObject\",\"inLanguage\":\"tr\",\"@id\":\"https:\\\/\\\/secure.gravatar.com\\\/avatar\\\/6fc6aa9fc4b8c21f6622cf94889a482227ef0c6018e0d0fa080dba904dd8b55d?s=96&d=mm&r=g\",\"url\":\"https:\\\/\\\/secure.gravatar.com\\\/avatar\\\/6fc6aa9fc4b8c21f6622cf94889a482227ef0c6018e0d0fa080dba904dd8b55d?s=96&d=mm&r=g\",\"contentUrl\":\"https:\\\/\\\/secure.gravatar.com\\\/avatar\\\/6fc6aa9fc4b8c21f6622cf94889a482227ef0c6018e0d0fa080dba904dd8b55d?s=96&d=mm&r=g\",\"caption\":\"Bedir KAYA\"},\"sameAs\":[\"https:\\\/\\\/turkblogs.com\"],\"url\":\"https:\\\/\\\/turkblogs.com\\\/tr\\\/author\\\/invest55332\\\/\"}]}<\/script>\n<!-- \/ Yoast SEO plugin. -->","yoast_head_json":{"title":"Lecce FC Tarihi | Ba\u015far\u0131lar ve \u00d6ne \u00c7\u0131kan Oyuncular - Turk Blogs","description":"Lecce FC Tarihi ke\u015ffedin; kurulu\u015fundan b\u00fcy\u00fck ba\u015far\u0131lar\u0131na, kul\u00fcb\u00fc \u015fekillendiren oyunculara ve antren\u00f6rlere kadar.","robots":{"index":"index","follow":"follow","max-snippet":"max-snippet:-1","max-image-preview":"max-image-preview:large","max-video-preview":"max-video-preview:-1"},"canonical":"https:\/\/turkblogs.com\/tr\/lecce-fc-tarihi\/","og_locale":"tr_TR","og_type":"article","og_title":"Lecce FC Tarihi | Ba\u015far\u0131lar ve \u00d6ne \u00c7\u0131kan Oyuncular - Turk Blogs","og_description":"Lecce FC Tarihi ke\u015ffedin; kurulu\u015fundan b\u00fcy\u00fck ba\u015far\u0131lar\u0131na, kul\u00fcb\u00fc \u015fekillendiren oyunculara ve antren\u00f6rlere kadar.","og_url":"https:\/\/turkblogs.com\/tr\/lecce-fc-tarihi\/","og_site_name":"Turk Blogs","article_publisher":"https:\/\/www.facebook.com\/profile.php?id=61554105234628","article_published_time":"2024-10-30T14:46:12+00:00","article_modified_time":"2024-10-30T14:46:14+00:00","og_image":[{"width":800,"height":500,"url":"https:\/\/turkblogs.com\/wp-content\/uploads\/2024\/10\/\u062a\u0627\u0631\u064a\u062e-\u0641\u0631\u064a\u0642-\u0644\u064a\u062a\u0634\u064a-\u0627\u0644\u0627\u064a\u0637\u0627\u0644\u064a.jpg","type":"image\/jpeg"}],"author":"Bedir KAYA","twitter_card":"summary_large_image","twitter_creator":"@turkblogs","twitter_site":"@turkblogs","twitter_misc":{"Yazan:":"Bedir KAYA","Tahmini okuma s\u00fcresi":"3 dakika"},"schema":{"@context":"https:\/\/schema.org","@graph":[{"@type":"Article","@id":"https:\/\/turkblogs.com\/tr\/lecce-fc-tarihi\/#article","isPartOf":{"@id":"https:\/\/turkblogs.com\/tr\/lecce-fc-tarihi\/"},"author":{"name":"Bedir KAYA","@id":"https:\/\/turkblogs.com\/tr\/#\/schema\/person\/c80e947f9053fd02278fab3e1aa4adb9"},"headline":"Lecce FC Tarihi | Ba\u015far\u0131lar ve \u00d6ne \u00c7\u0131kan Oyuncular","datePublished":"2024-10-30T14:46:12+00:00","dateModified":"2024-10-30T14:46:14+00:00","mainEntityOfPage":{"@id":"https:\/\/turkblogs.com\/tr\/lecce-fc-tarihi\/"},"wordCount":512,"commentCount":0,"publisher":{"@id":"https:\/\/turkblogs.com\/tr\/#organization"},"image":{"@id":"https:\/\/turkblogs.com\/tr\/lecce-fc-tarihi\/#primaryimage"},"thumbnailUrl":"https:\/\/turkblogs.com\/wp-content\/uploads\/2024\/10\/\u062a\u0627\u0631\u064a\u062e-\u0641\u0631\u064a\u0642-\u0644\u064a\u062a\u0634\u064a-\u0627\u0644\u0627\u064a\u0637\u0627\u0644\u064a.jpg","keywords":["Lecce","Lecce antren\u00f6rleri","Lecce ba\u015far\u0131lar\u0131","Lecce FC","Lecce FC tarihi","Lecce futbol kul\u00fcb\u00fc","Lecce oyuncular\u0131","Serie A"],"articleSection":["Spor"],"inLanguage":"tr","potentialAction":[{"@type":"CommentAction","name":"Comment","target":["https:\/\/turkblogs.com\/tr\/lecce-fc-tarihi\/#respond"]}]},{"@type":"WebPage","@id":"https:\/\/turkblogs.com\/tr\/lecce-fc-tarihi\/","url":"https:\/\/turkblogs.com\/tr\/lecce-fc-tarihi\/","name":"Lecce FC Tarihi | Ba\u015far\u0131lar ve \u00d6ne \u00c7\u0131kan Oyuncular - Turk Blogs","isPartOf":{"@id":"https:\/\/turkblogs.com\/tr\/#website"},"primaryImageOfPage":{"@id":"https:\/\/turkblogs.com\/tr\/lecce-fc-tarihi\/#primaryimage"},"image":{"@id":"https:\/\/turkblogs.com\/tr\/lecce-fc-tarihi\/#primaryimage"},"thumbnailUrl":"https:\/\/turkblogs.com\/wp-content\/uploads\/2024\/10\/\u062a\u0627\u0631\u064a\u062e-\u0641\u0631\u064a\u0642-\u0644\u064a\u062a\u0634\u064a-\u0627\u0644\u0627\u064a\u0637\u0627\u0644\u064a.jpg","datePublished":"2024-10-30T14:46:12+00:00","dateModified":"2024-10-30T14:46:14+00:00","description":"Lecce FC Tarihi ke\u015ffedin; kurulu\u015fundan b\u00fcy\u00fck ba\u015far\u0131lar\u0131na, kul\u00fcb\u00fc \u015fekillendiren oyunculara ve antren\u00f6rlere kadar.","breadcrumb":{"@id":"https:\/\/turkblogs.com\/tr\/lecce-fc-tarihi\/#breadcrumb"},"inLanguage":"tr","potentialAction":[{"@type":"ReadAction","target":["https:\/\/turkblogs.com\/tr\/lecce-fc-tarihi\/"]}]},{"@type":"ImageObject","inLanguage":"tr","@id":"https:\/\/turkblogs.com\/tr\/lecce-fc-tarihi\/#primaryimage","url":"https:\/\/turkblogs.com\/wp-content\/uploads\/2024\/10\/\u062a\u0627\u0631\u064a\u062e-\u0641\u0631\u064a\u0642-\u0644\u064a\u062a\u0634\u064a-\u0627\u0644\u0627\u064a\u0637\u0627\u0644\u064a.jpg","contentUrl":"https:\/\/turkblogs.com\/wp-content\/uploads\/2024\/10\/\u062a\u0627\u0631\u064a\u062e-\u0641\u0631\u064a\u0642-\u0644\u064a\u062a\u0634\u064a-\u0627\u0644\u0627\u064a\u0637\u0627\u0644\u064a.jpg","width":800,"height":500,"caption":"Lecce FC Tarihi | Ba\u015far\u0131lar ve \u00d6ne \u00c7\u0131kan Oyuncular"},{"@type":"BreadcrumbList","@id":"https:\/\/turkblogs.com\/tr\/lecce-fc-tarihi\/#breadcrumb","itemListElement":[{"@type":"ListItem","position":1,"name":"\u0627\u0644\u0631\u0626\u064a\u0633\u064a\u0629","item":"https:\/\/turkblogs.com\/tr\/"},{"@type":"ListItem","position":2,"name":"Lecce FC Tarihi | Ba\u015far\u0131lar ve \u00d6ne \u00c7\u0131kan Oyuncular"}]},{"@type":"WebSite","@id":"https:\/\/turkblogs.com\/tr\/#website","url":"https:\/\/turkblogs.com\/tr\/","name":"Turk Blogs","description":"Stay informed with Turk Blogs \u2013 your source for the latest news and insights on Turkey and\u00a0global\u00a0events.","publisher":{"@id":"https:\/\/turkblogs.com\/tr\/#organization"},"potentialAction":[{"@type":"SearchAction","target":{"@type":"EntryPoint","urlTemplate":"https:\/\/turkblogs.com\/tr\/?s={search_term_string}"},"query-input":{"@type":"PropertyValueSpecification","valueRequired":true,"valueName":"search_term_string"}}],"inLanguage":"tr"},{"@type":"Organization","@id":"https:\/\/turkblogs.com\/tr\/#organization","name":"Turk Blogs","url":"https:\/\/turkblogs.com\/tr\/","logo":{"@type":"ImageObject","inLanguage":"tr","@id":"https:\/\/turkblogs.com\/tr\/#\/schema\/logo\/image\/","url":"https:\/\/turkblogs.com\/wp-content\/uploads\/2023\/11\/tr-blogo-logo-icon.png","contentUrl":"https:\/\/turkblogs.com\/wp-content\/uploads\/2023\/11\/tr-blogo-logo-icon.png","width":100,"height":100,"caption":"Turk Blogs"},"image":{"@id":"https:\/\/turkblogs.com\/tr\/#\/schema\/logo\/image\/"},"sameAs":["https:\/\/www.facebook.com\/profile.php?id=61554105234628","https:\/\/x.com\/turkblogs"]},{"@type":"Person","@id":"https:\/\/turkblogs.com\/tr\/#\/schema\/person\/c80e947f9053fd02278fab3e1aa4adb9","name":"Bedir KAYA","image":{"@type":"ImageObject","inLanguage":"tr","@id":"https:\/\/secure.gravatar.com\/avatar\/6fc6aa9fc4b8c21f6622cf94889a482227ef0c6018e0d0fa080dba904dd8b55d?s=96&d=mm&r=g","url":"https:\/\/secure.gravatar.com\/avatar\/6fc6aa9fc4b8c21f6622cf94889a482227ef0c6018e0d0fa080dba904dd8b55d?s=96&d=mm&r=g","contentUrl":"https:\/\/secure.gravatar.com\/avatar\/6fc6aa9fc4b8c21f6622cf94889a482227ef0c6018e0d0fa080dba904dd8b55d?s=96&d=mm&r=g","caption":"Bedir KAYA"},"sameAs":["https:\/\/turkblogs.com"],"url":"https:\/\/turkblogs.com\/tr\/author\/invest55332\/"}]}},"_links":{"self":[{"href":"https:\/\/turkblogs.com\/tr\/wp-json\/wp\/v2\/posts\/9729","targetHints":{"allow":["GET"]}}],"collection":[{"href":"https:\/\/turkblogs.com\/tr\/wp-json\/wp\/v2\/posts"}],"about":[{"href":"https:\/\/turkblogs.com\/tr\/wp-json\/wp\/v2\/types\/post"}],"author":[{"embeddable":true,"href":"https:\/\/turkblogs.com\/tr\/wp-json\/wp\/v2\/users\/1"}],"replies":[{"embeddable":true,"href":"https:\/\/turkblogs.com\/tr\/wp-json\/wp\/v2\/comments?post=9729"}],"version-history":[{"count":1,"href":"https:\/\/turkblogs.com\/tr\/wp-json\/wp\/v2\/posts\/9729\/revisions"}],"predecessor-version":[{"id":9739,"href":"https:\/\/turkblogs.com\/tr\/wp-json\/wp\/v2\/posts\/9729\/revisions\/9739"}],"wp:featuredmedia":[{"embeddable":true,"href":"https:\/\/turkblogs.com\/tr\/wp-json\/wp\/v2\/media\/9733"}],"wp:attachment":[{"href":"https:\/\/turkblogs.com\/tr\/wp-json\/wp\/v2\/media?parent=9729"}],"wp:term":[{"taxonomy":"category","embeddable":true,"href":"https:\/\/turkblogs.com\/tr\/wp-json\/wp\/v2\/categories?post=9729"},{"taxonomy":"post_tag","embeddable":true,"href":"https:\/\/turkblogs.com\/tr\/wp-json\/wp\/v2\/tags?post=9729"}],"curies":[{"name":"wp","href":"https:\/\/api.w.org\/{rel}","templated":true}]}}