{"id":3009,"date":"2024-09-01T08:58:21","date_gmt":"2024-09-01T08:58:21","guid":{"rendered":"https:\/\/turkblogs.com\/?p=3009"},"modified":"2024-09-01T18:42:58","modified_gmt":"2024-09-01T18:42:58","slug":"fantastik-dortlu-2025-fragman-cikis-tarihi-ve-oyuncu-kadrosu","status":"publish","type":"post","link":"https:\/\/turkblogs.com\/tr\/fantastik-dortlu-2025-fragman-cikis-tarihi-ve-oyuncu-kadrosu\/","title":{"rendered":"Fantastik D\u00f6rtl\u00fc 2025 \u2013 Fragman, \u00c7\u0131k\u0131\u015f Tarihi ve Oyuncu Kadrosu"},"content":{"rendered":"\n<div class=\"wp-block-group\"><div class=\"wp-block-group__inner-container is-layout-constrained wp-block-group-is-layout-constrained\">\n<p>2025 y\u0131l\u0131nda sinema d\u00fcnyas\u0131nda, Marvel hayranlar\u0131 efsanevi &#8220;Fantastik D\u00f6rtl\u00fc 2025&#8243;n\u00fcn beyaz perdeye d\u00f6n\u00fc\u015f\u00fcn\u00fc b\u00fcy\u00fck bir heyecanla bekliyor. <strong>&#8220;Fantastik D\u00f6rtl\u00fc: \u0130lk Ad\u0131mlar&#8221;<\/strong> filminin 25 Temmuz 2025&#8217;te vizyona girmesiyle birlikte, kahramanlar\u0131n maceralar\u0131 hakk\u0131nda baz\u0131 s\u0131rlar\u0131 ve ipu\u00e7lar\u0131n\u0131 ortaya \u00e7\u0131karan fragman yay\u0131nland\u0131.<\/p>\n\n\n\n<h2 class=\"wp-block-heading\"><strong>Fantastik D\u00f6rtl\u00fc: \u0130lk Ad\u0131mlar Fragman\u0131: Neler Bekleyebiliriz?<\/strong><\/h2>\n\n\n\n<p>Fragman\u0131n yay\u0131nlanmas\u0131yla birlikte, herkes <strong>&#8220;Fantastik D\u00f6rtl\u00fc: \u0130lk Ad\u0131mlar&#8221;<\/strong> filminin neler sunaca\u011f\u0131n\u0131 merak ediyor. \u00dc\u00e7 dakika otuz sekiz saniye s\u00fcren fragman, tak\u0131m\u0131n D\u00fcnya\u2019y\u0131 yutmakla tehdit eden devasa bir tehlike olan Galactus ile kar\u015f\u0131 kar\u015f\u0131ya kalaca\u011f\u0131 zorluklara bir g\u00f6z atma imkan\u0131 sunuyor. Ayr\u0131ca, tak\u0131m\u0131n kulland\u0131\u011f\u0131 ikonik u\u00e7an araba hakk\u0131nda ilk ipu\u00e7lar\u0131n\u0131 da g\u00f6steriyor ve bu durum izleyicilerin heyecan\u0131n\u0131 daha da art\u0131r\u0131yor.<\/p>\n\n\n\n<figure class=\"wp-block-embed is-type-video is-provider-youtube wp-block-embed-youtube wp-embed-aspect-16-9 wp-has-aspect-ratio\"><div class=\"wp-block-embed__wrapper\">\n<div class=\"youtube-embed\" data-video_id=\"YX0NnS1vRVk\"><iframe loading=\"lazy\" title=\"The Fantastic Four: First Steps | New Trailer\" width=\"696\" height=\"392\" src=\"https:\/\/www.youtube.com\/embed\/YX0NnS1vRVk?feature=oembed&#038;enablejsapi=1\" frameborder=\"0\" allow=\"accelerometer; autoplay; clipboard-write; encrypted-media; gyroscope; picture-in-picture; web-share\" referrerpolicy=\"strict-origin-when-cross-origin\" allowfullscreen><\/iframe><\/div>\n<\/div><figcaption class=\"wp-element-caption\"><strong>Fantastik D\u00f6rtl\u00fc: \u0130lk Ad\u0131mlar Fragman\u0131<\/strong><\/figcaption><\/figure>\n\n\n\n<h2 class=\"wp-block-heading\"><strong>Fantastik D\u00f6rtl\u00fc: \u0130lk Ad\u0131mlar \u00c7\u0131k\u0131\u015f Tarihi<\/strong><\/h2>\n\n\n\n<p><strong>&#8220;Fantastik D\u00f6rtl\u00fc: \u0130lk Ad\u0131mlar&#8221;<\/strong> filminin Amerika Birle\u015fik Devletleri&#8217;nde vizyona giri\u015f tarihi 25 Temmuz 2025 olarak belirlendi. Marvel&#8217;\u0131n en \u00fcnl\u00fc ekiplerinden birinin merakla beklenen bu d\u00f6n\u00fc\u015f\u00fc, bu karakterlerin g\u00fcn\u00fcm\u00fcz \u015fartlar\u0131na uygun bir \u015fekilde yeniden sunulmas\u0131n\u0131 b\u00fcy\u00fck bir sab\u0131rs\u0131zl\u0131kla bekleyen hayranlar i\u00e7in \u00e7ok \u015fey ifade ediyor.<\/p>\n\n\n\n<h2 class=\"wp-block-heading\"><strong>Fantastik D\u00f6rtl\u00fc: \u0130lk Ad\u0131mlar Oyuncu Kadrosu: Yeni Kahramanlar\u0131m\u0131z<\/strong><\/h2>\n\n\n\n<p><strong>&#8220;Fantastik D\u00f6rtl\u00fc: \u0130lk Ad\u0131mlar&#8221;<\/strong> filmi, bu efsanevi karakterleri yeni bir dokunu\u015fla canland\u0131racak olan Hollywood&#8217;un en \u00f6nemli y\u0131ld\u0131zlar\u0131n\u0131 bir araya getiriyor:<\/p>\n\n\n\n<ul class=\"wp-block-list\">\n<li><strong><a href=\"https:\/\/en.wikipedia.org\/wiki\/Pedro_Pascal\">Pedro Pascal<\/a><\/strong> &#8220;Reed Richards&#8221; rol\u00fcnde, tak\u0131m\u0131n beyni ve lideri.<\/li>\n\n\n\n<li><strong><a href=\"https:\/\/en.wikipedia.org\/wiki\/Vanessa_Kirby\">Vanessa Kirby<\/a><\/strong> &#8220;Sue Storm&#8221; rol\u00fcnde, g\u00f6r\u00fcnmez kad\u0131n ve tak\u0131m\u0131n kalbi.<\/li>\n\n\n\n<li><strong><a href=\"https:\/\/en.wikipedia.org\/wiki\/Joseph_Quinn_(actor)\">Joseph Quinn<\/a><\/strong> &#8220;Johnny Storm&#8221; rol\u00fcnde, ate\u015ften adam ve tak\u0131m\u0131n en ate\u015fli \u00fcyesi.<\/li>\n\n\n\n<li><strong><a href=\"https:\/\/en.wikipedia.org\/wiki\/Ebon_Moss-Bachrach\">Ebon Moss-Bachrach<\/a><\/strong> &#8220;Ben Grimm&#8221; rol\u00fcnde, g\u00fc\u00e7l\u00fc ve esprili ta\u015f adam.<\/li>\n<\/ul>\n\n\n\n<p>Bu dikkat \u00e7ekici oyuncu kadrosu, Fantastik D\u00f6rtl\u00fc karakterlerine enerji ve canl\u0131l\u0131k katmay\u0131 vaat ediyor ve bu sevilen karakterlerin beyaz perdede nas\u0131l hayat bulaca\u011f\u0131n\u0131 merakla beklememizi sa\u011fl\u0131yor.<\/p>\n\n\n\n<p>Sonu\u00e7 olarak, <strong>&#8220;Fantastik D\u00f6rtl\u00fc: \u0130lk Ad\u0131mlar&#8221;<\/strong> 2025 y\u0131l\u0131n\u0131n en b\u00fcy\u00fck sinema g\u00f6sterimlerinden biri olmaya aday. Heyecan verici g\u00f6sterim tarihi, g\u00f6z al\u0131c\u0131 fragman\u0131 ve g\u00fc\u00e7l\u00fc oyuncu kadrosuyla, izleyiciler Marvel\u2019\u0131n en \u00fcnl\u00fc ailesinin bu yeni maceras\u0131n\u0131 b\u00fcy\u00fck bir sab\u0131rs\u0131zl\u0131kla bekliyor.<\/p>\n\n\n\n<hr class=\"wp-block-separator has-alpha-channel-opacity\"\/>\n\n\n\n<p><strong><a href=\"https:\/\/www.imdb.com\/title\/tt10676052\/\">Fantastik D\u00f6rtl\u00fc: \u0130lk Ad\u0131mlar<\/a>&nbsp;adl\u0131 makemiz hakk\u0131nda yorumlar\u0131n\u0131z bekliyouz.<\/strong><\/p>\n\n\n\n<p><strong>Bu makalemizi be\u011fendiyseniz ve&nbsp;daha fazla&nbsp;filim ve dizi hakk\u0131nda bilgi sahibi olamak isterseniz l\u00fctfen&nbsp;<a href=\"https:\/\/turkblogs.com\/tr\/category\/film-ve-dizi\/\">Turk Blogs<\/a>&nbsp;sayfas\u0131n\u0131 ziyaret edin.<\/strong><\/p>\n<\/div><\/div>\n","protected":false},"excerpt":{"rendered":"<p>Fantastik D\u00f6rtl\u00fc: \u0130lk Ad\u0131mlar \u2013 Fragman, \u00c7\u0131k\u0131\u015f Tarihi ve Oyuncu Kadrosu<\/p>\n","protected":false},"author":1,"featured_media":3002,"comment_status":"open","ping_status":"open","sticky":false,"template":"","format":"standard","meta":{"footnotes":""},"categories":[236,70],"tags":[446],"class_list":{"0":"post-3009","1":"post","2":"type-post","3":"status-publish","4":"format-standard","5":"has-post-thumbnail","7":"category-film-ve-dizi","8":"category-kultur-sanatlari","9":"tag-fantastik-dortlu-ilk-adimlar"},"yoast_head":"<!-- This site is optimized with the Yoast SEO plugin v27.4 - https:\/\/yoast.com\/product\/yoast-seo-wordpress\/ -->\n<title>Fantastik D\u00f6rtl\u00fc 2025 \u2013 Fragman, \u00c7\u0131k\u0131\u015f Tarihi ve Oyuncu Kadrosu - Turk Blogs<\/title>\n<meta name=\"description\" content=\"2025 y\u0131l\u0131nda sinema d\u00fcnyas\u0131nda, Marvel hayranlar\u0131 efsanevi film beyaz perdeye d\u00f6n\u00fc\u015f\u00fcn\u00fc heyecanla bekliyor. Fantastik D\u00f6rtl\u00fc 2025\" \/>\n<meta name=\"robots\" content=\"index, follow, max-snippet:-1, max-image-preview:large, max-video-preview:-1\" \/>\n<link rel=\"canonical\" href=\"https:\/\/turkblogs.com\/tr\/fantastik-dortlu-2025-fragman-cikis-tarihi-ve-oyuncu-kadrosu\/\" \/>\n<meta property=\"og:locale\" content=\"tr_TR\" \/>\n<meta property=\"og:type\" content=\"article\" \/>\n<meta property=\"og:title\" content=\"Fantastik D\u00f6rtl\u00fc 2025 \u2013 Fragman, \u00c7\u0131k\u0131\u015f Tarihi ve Oyuncu Kadrosu - Turk Blogs\" \/>\n<meta property=\"og:description\" content=\"2025 y\u0131l\u0131nda sinema d\u00fcnyas\u0131nda, Marvel hayranlar\u0131 efsanevi film beyaz perdeye d\u00f6n\u00fc\u015f\u00fcn\u00fc heyecanla bekliyor. Fantastik D\u00f6rtl\u00fc 2025\" \/>\n<meta property=\"og:url\" content=\"https:\/\/turkblogs.com\/tr\/fantastik-dortlu-2025-fragman-cikis-tarihi-ve-oyuncu-kadrosu\/\" \/>\n<meta property=\"og:site_name\" content=\"Turk Blogs\" \/>\n<meta property=\"article:publisher\" content=\"https:\/\/www.facebook.com\/profile.php?id=61554105234628\" \/>\n<meta property=\"article:published_time\" content=\"2024-09-01T08:58:21+00:00\" \/>\n<meta property=\"article:modified_time\" content=\"2024-09-01T18:42:58+00:00\" \/>\n<meta property=\"og:image\" content=\"https:\/\/turkblogs.com\/wp-content\/uploads\/2024\/09\/\u0641\u0627\u0646\u062a\u0633\u062a\u064a\u0643-\u0641\u0648\u0631-\u0627\u0644\u062e\u0637\u0648\u0627\u062a-\u0627\u0644\u0623\u0648\u0644\u0649.webp\" \/>\n\t<meta property=\"og:image:width\" content=\"686\" \/>\n\t<meta property=\"og:image:height\" content=\"386\" \/>\n\t<meta property=\"og:image:type\" content=\"image\/webp\" \/>\n<meta name=\"author\" content=\"Bedir KAYA\" \/>\n<meta name=\"twitter:card\" content=\"summary_large_image\" \/>\n<meta name=\"twitter:creator\" content=\"@turkblogs\" \/>\n<meta name=\"twitter:site\" content=\"@turkblogs\" \/>\n<meta name=\"twitter:label1\" content=\"Yazan:\" \/>\n\t<meta name=\"twitter:data1\" content=\"Bedir KAYA\" \/>\n\t<meta name=\"twitter:label2\" content=\"Tahmini okuma s\u00fcresi\" \/>\n\t<meta name=\"twitter:data2\" content=\"3 dakika\" \/>\n<script type=\"application\/ld+json\" class=\"yoast-schema-graph\">{\"@context\":\"https:\\\/\\\/schema.org\",\"@graph\":[{\"@type\":\"Article\",\"@id\":\"https:\\\/\\\/turkblogs.com\\\/tr\\\/fantastik-dortlu-2025-fragman-cikis-tarihi-ve-oyuncu-kadrosu\\\/#article\",\"isPartOf\":{\"@id\":\"https:\\\/\\\/turkblogs.com\\\/tr\\\/fantastik-dortlu-2025-fragman-cikis-tarihi-ve-oyuncu-kadrosu\\\/\"},\"author\":{\"name\":\"Bedir KAYA\",\"@id\":\"https:\\\/\\\/turkblogs.com\\\/tr\\\/#\\\/schema\\\/person\\\/c80e947f9053fd02278fab3e1aa4adb9\"},\"headline\":\"Fantastik D\u00f6rtl\u00fc 2025 \u2013 Fragman, \u00c7\u0131k\u0131\u015f Tarihi ve Oyuncu Kadrosu\",\"datePublished\":\"2024-09-01T08:58:21+00:00\",\"dateModified\":\"2024-09-01T18:42:58+00:00\",\"mainEntityOfPage\":{\"@id\":\"https:\\\/\\\/turkblogs.com\\\/tr\\\/fantastik-dortlu-2025-fragman-cikis-tarihi-ve-oyuncu-kadrosu\\\/\"},\"wordCount\":467,\"commentCount\":0,\"publisher\":{\"@id\":\"https:\\\/\\\/turkblogs.com\\\/tr\\\/#organization\"},\"image\":{\"@id\":\"https:\\\/\\\/turkblogs.com\\\/tr\\\/fantastik-dortlu-2025-fragman-cikis-tarihi-ve-oyuncu-kadrosu\\\/#primaryimage\"},\"thumbnailUrl\":\"https:\\\/\\\/turkblogs.com\\\/wp-content\\\/uploads\\\/2024\\\/09\\\/\u0641\u0627\u0646\u062a\u0633\u062a\u064a\u0643-\u0641\u0648\u0631-\u0627\u0644\u062e\u0637\u0648\u0627\u062a-\u0627\u0644\u0623\u0648\u0644\u0649.webp\",\"keywords\":[\"Fantastik D\u00f6rtl\u00fc: \u0130lk Ad\u0131mlar\"],\"articleSection\":[\"Film ve Dizi\",\"K\u00fclt\u00fcr\"],\"inLanguage\":\"tr\",\"potentialAction\":[{\"@type\":\"CommentAction\",\"name\":\"Comment\",\"target\":[\"https:\\\/\\\/turkblogs.com\\\/tr\\\/fantastik-dortlu-2025-fragman-cikis-tarihi-ve-oyuncu-kadrosu\\\/#respond\"]}]},{\"@type\":\"WebPage\",\"@id\":\"https:\\\/\\\/turkblogs.com\\\/tr\\\/fantastik-dortlu-2025-fragman-cikis-tarihi-ve-oyuncu-kadrosu\\\/\",\"url\":\"https:\\\/\\\/turkblogs.com\\\/tr\\\/fantastik-dortlu-2025-fragman-cikis-tarihi-ve-oyuncu-kadrosu\\\/\",\"name\":\"Fantastik D\u00f6rtl\u00fc 2025 \u2013 Fragman, \u00c7\u0131k\u0131\u015f Tarihi ve Oyuncu Kadrosu - Turk Blogs\",\"isPartOf\":{\"@id\":\"https:\\\/\\\/turkblogs.com\\\/tr\\\/#website\"},\"primaryImageOfPage\":{\"@id\":\"https:\\\/\\\/turkblogs.com\\\/tr\\\/fantastik-dortlu-2025-fragman-cikis-tarihi-ve-oyuncu-kadrosu\\\/#primaryimage\"},\"image\":{\"@id\":\"https:\\\/\\\/turkblogs.com\\\/tr\\\/fantastik-dortlu-2025-fragman-cikis-tarihi-ve-oyuncu-kadrosu\\\/#primaryimage\"},\"thumbnailUrl\":\"https:\\\/\\\/turkblogs.com\\\/wp-content\\\/uploads\\\/2024\\\/09\\\/\u0641\u0627\u0646\u062a\u0633\u062a\u064a\u0643-\u0641\u0648\u0631-\u0627\u0644\u062e\u0637\u0648\u0627\u062a-\u0627\u0644\u0623\u0648\u0644\u0649.webp\",\"datePublished\":\"2024-09-01T08:58:21+00:00\",\"dateModified\":\"2024-09-01T18:42:58+00:00\",\"description\":\"2025 y\u0131l\u0131nda sinema d\u00fcnyas\u0131nda, Marvel hayranlar\u0131 efsanevi film beyaz perdeye d\u00f6n\u00fc\u015f\u00fcn\u00fc heyecanla bekliyor. Fantastik D\u00f6rtl\u00fc 2025\",\"breadcrumb\":{\"@id\":\"https:\\\/\\\/turkblogs.com\\\/tr\\\/fantastik-dortlu-2025-fragman-cikis-tarihi-ve-oyuncu-kadrosu\\\/#breadcrumb\"},\"inLanguage\":\"tr\",\"potentialAction\":[{\"@type\":\"ReadAction\",\"target\":[\"https:\\\/\\\/turkblogs.com\\\/tr\\\/fantastik-dortlu-2025-fragman-cikis-tarihi-ve-oyuncu-kadrosu\\\/\"]}]},{\"@type\":\"ImageObject\",\"inLanguage\":\"tr\",\"@id\":\"https:\\\/\\\/turkblogs.com\\\/tr\\\/fantastik-dortlu-2025-fragman-cikis-tarihi-ve-oyuncu-kadrosu\\\/#primaryimage\",\"url\":\"https:\\\/\\\/turkblogs.com\\\/wp-content\\\/uploads\\\/2024\\\/09\\\/\u0641\u0627\u0646\u062a\u0633\u062a\u064a\u0643-\u0641\u0648\u0631-\u0627\u0644\u062e\u0637\u0648\u0627\u062a-\u0627\u0644\u0623\u0648\u0644\u0649.webp\",\"contentUrl\":\"https:\\\/\\\/turkblogs.com\\\/wp-content\\\/uploads\\\/2024\\\/09\\\/\u0641\u0627\u0646\u062a\u0633\u062a\u064a\u0643-\u0641\u0648\u0631-\u0627\u0644\u062e\u0637\u0648\u0627\u062a-\u0627\u0644\u0623\u0648\u0644\u0649.webp\",\"width\":686,\"height\":386,\"caption\":\"\u0641\u0627\u0646\u062a\u0633\u062a\u064a\u0643 \u0641\u0648\u0631 \u0627\u0644\u062e\u0637\u0648\u0627\u062a \u0627\u0644\u0623\u0648\u0644\u0649\"},{\"@type\":\"BreadcrumbList\",\"@id\":\"https:\\\/\\\/turkblogs.com\\\/tr\\\/fantastik-dortlu-2025-fragman-cikis-tarihi-ve-oyuncu-kadrosu\\\/#breadcrumb\",\"itemListElement\":[{\"@type\":\"ListItem\",\"position\":1,\"name\":\"\u0627\u0644\u0631\u0626\u064a\u0633\u064a\u0629\",\"item\":\"https:\\\/\\\/turkblogs.com\\\/tr\\\/\"},{\"@type\":\"ListItem\",\"position\":2,\"name\":\"Fantastik D\u00f6rtl\u00fc 2025 \u2013 Fragman, \u00c7\u0131k\u0131\u015f Tarihi ve Oyuncu Kadrosu\"}]},{\"@type\":\"WebSite\",\"@id\":\"https:\\\/\\\/turkblogs.com\\\/tr\\\/#website\",\"url\":\"https:\\\/\\\/turkblogs.com\\\/tr\\\/\",\"name\":\"Turk Blogs\",\"description\":\"Stay informed with Turk Blogs \u2013 your source for the latest news and insights on Turkey and\u00a0global\u00a0events.\",\"publisher\":{\"@id\":\"https:\\\/\\\/turkblogs.com\\\/tr\\\/#organization\"},\"potentialAction\":[{\"@type\":\"SearchAction\",\"target\":{\"@type\":\"EntryPoint\",\"urlTemplate\":\"https:\\\/\\\/turkblogs.com\\\/tr\\\/?s={search_term_string}\"},\"query-input\":{\"@type\":\"PropertyValueSpecification\",\"valueRequired\":true,\"valueName\":\"search_term_string\"}}],\"inLanguage\":\"tr\"},{\"@type\":\"Organization\",\"@id\":\"https:\\\/\\\/turkblogs.com\\\/tr\\\/#organization\",\"name\":\"Turk Blogs\",\"url\":\"https:\\\/\\\/turkblogs.com\\\/tr\\\/\",\"logo\":{\"@type\":\"ImageObject\",\"inLanguage\":\"tr\",\"@id\":\"https:\\\/\\\/turkblogs.com\\\/tr\\\/#\\\/schema\\\/logo\\\/image\\\/\",\"url\":\"https:\\\/\\\/turkblogs.com\\\/wp-content\\\/uploads\\\/2023\\\/11\\\/tr-blogo-logo-icon.png\",\"contentUrl\":\"https:\\\/\\\/turkblogs.com\\\/wp-content\\\/uploads\\\/2023\\\/11\\\/tr-blogo-logo-icon.png\",\"width\":100,\"height\":100,\"caption\":\"Turk Blogs\"},\"image\":{\"@id\":\"https:\\\/\\\/turkblogs.com\\\/tr\\\/#\\\/schema\\\/logo\\\/image\\\/\"},\"sameAs\":[\"https:\\\/\\\/www.facebook.com\\\/profile.php?id=61554105234628\",\"https:\\\/\\\/x.com\\\/turkblogs\"]},{\"@type\":\"Person\",\"@id\":\"https:\\\/\\\/turkblogs.com\\\/tr\\\/#\\\/schema\\\/person\\\/c80e947f9053fd02278fab3e1aa4adb9\",\"name\":\"Bedir KAYA\",\"image\":{\"@type\":\"ImageObject\",\"inLanguage\":\"tr\",\"@id\":\"https:\\\/\\\/secure.gravatar.com\\\/avatar\\\/6fc6aa9fc4b8c21f6622cf94889a482227ef0c6018e0d0fa080dba904dd8b55d?s=96&d=mm&r=g\",\"url\":\"https:\\\/\\\/secure.gravatar.com\\\/avatar\\\/6fc6aa9fc4b8c21f6622cf94889a482227ef0c6018e0d0fa080dba904dd8b55d?s=96&d=mm&r=g\",\"contentUrl\":\"https:\\\/\\\/secure.gravatar.com\\\/avatar\\\/6fc6aa9fc4b8c21f6622cf94889a482227ef0c6018e0d0fa080dba904dd8b55d?s=96&d=mm&r=g\",\"caption\":\"Bedir KAYA\"},\"sameAs\":[\"https:\\\/\\\/turkblogs.com\"],\"url\":\"https:\\\/\\\/turkblogs.com\\\/tr\\\/author\\\/invest55332\\\/\"}]}<\/script>\n<!-- \/ Yoast SEO plugin. -->","yoast_head_json":{"title":"Fantastik D\u00f6rtl\u00fc 2025 \u2013 Fragman, \u00c7\u0131k\u0131\u015f Tarihi ve Oyuncu Kadrosu - Turk Blogs","description":"2025 y\u0131l\u0131nda sinema d\u00fcnyas\u0131nda, Marvel hayranlar\u0131 efsanevi film beyaz perdeye d\u00f6n\u00fc\u015f\u00fcn\u00fc heyecanla bekliyor. Fantastik D\u00f6rtl\u00fc 2025","robots":{"index":"index","follow":"follow","max-snippet":"max-snippet:-1","max-image-preview":"max-image-preview:large","max-video-preview":"max-video-preview:-1"},"canonical":"https:\/\/turkblogs.com\/tr\/fantastik-dortlu-2025-fragman-cikis-tarihi-ve-oyuncu-kadrosu\/","og_locale":"tr_TR","og_type":"article","og_title":"Fantastik D\u00f6rtl\u00fc 2025 \u2013 Fragman, \u00c7\u0131k\u0131\u015f Tarihi ve Oyuncu Kadrosu - Turk Blogs","og_description":"2025 y\u0131l\u0131nda sinema d\u00fcnyas\u0131nda, Marvel hayranlar\u0131 efsanevi film beyaz perdeye d\u00f6n\u00fc\u015f\u00fcn\u00fc heyecanla bekliyor. Fantastik D\u00f6rtl\u00fc 2025","og_url":"https:\/\/turkblogs.com\/tr\/fantastik-dortlu-2025-fragman-cikis-tarihi-ve-oyuncu-kadrosu\/","og_site_name":"Turk Blogs","article_publisher":"https:\/\/www.facebook.com\/profile.php?id=61554105234628","article_published_time":"2024-09-01T08:58:21+00:00","article_modified_time":"2024-09-01T18:42:58+00:00","og_image":[{"width":686,"height":386,"url":"https:\/\/turkblogs.com\/wp-content\/uploads\/2024\/09\/\u0641\u0627\u0646\u062a\u0633\u062a\u064a\u0643-\u0641\u0648\u0631-\u0627\u0644\u062e\u0637\u0648\u0627\u062a-\u0627\u0644\u0623\u0648\u0644\u0649.webp","type":"image\/webp"}],"author":"Bedir KAYA","twitter_card":"summary_large_image","twitter_creator":"@turkblogs","twitter_site":"@turkblogs","twitter_misc":{"Yazan:":"Bedir KAYA","Tahmini okuma s\u00fcresi":"3 dakika"},"schema":{"@context":"https:\/\/schema.org","@graph":[{"@type":"Article","@id":"https:\/\/turkblogs.com\/tr\/fantastik-dortlu-2025-fragman-cikis-tarihi-ve-oyuncu-kadrosu\/#article","isPartOf":{"@id":"https:\/\/turkblogs.com\/tr\/fantastik-dortlu-2025-fragman-cikis-tarihi-ve-oyuncu-kadrosu\/"},"author":{"name":"Bedir KAYA","@id":"https:\/\/turkblogs.com\/tr\/#\/schema\/person\/c80e947f9053fd02278fab3e1aa4adb9"},"headline":"Fantastik D\u00f6rtl\u00fc 2025 \u2013 Fragman, \u00c7\u0131k\u0131\u015f Tarihi ve Oyuncu Kadrosu","datePublished":"2024-09-01T08:58:21+00:00","dateModified":"2024-09-01T18:42:58+00:00","mainEntityOfPage":{"@id":"https:\/\/turkblogs.com\/tr\/fantastik-dortlu-2025-fragman-cikis-tarihi-ve-oyuncu-kadrosu\/"},"wordCount":467,"commentCount":0,"publisher":{"@id":"https:\/\/turkblogs.com\/tr\/#organization"},"image":{"@id":"https:\/\/turkblogs.com\/tr\/fantastik-dortlu-2025-fragman-cikis-tarihi-ve-oyuncu-kadrosu\/#primaryimage"},"thumbnailUrl":"https:\/\/turkblogs.com\/wp-content\/uploads\/2024\/09\/\u0641\u0627\u0646\u062a\u0633\u062a\u064a\u0643-\u0641\u0648\u0631-\u0627\u0644\u062e\u0637\u0648\u0627\u062a-\u0627\u0644\u0623\u0648\u0644\u0649.webp","keywords":["Fantastik D\u00f6rtl\u00fc: \u0130lk Ad\u0131mlar"],"articleSection":["Film ve Dizi","K\u00fclt\u00fcr"],"inLanguage":"tr","potentialAction":[{"@type":"CommentAction","name":"Comment","target":["https:\/\/turkblogs.com\/tr\/fantastik-dortlu-2025-fragman-cikis-tarihi-ve-oyuncu-kadrosu\/#respond"]}]},{"@type":"WebPage","@id":"https:\/\/turkblogs.com\/tr\/fantastik-dortlu-2025-fragman-cikis-tarihi-ve-oyuncu-kadrosu\/","url":"https:\/\/turkblogs.com\/tr\/fantastik-dortlu-2025-fragman-cikis-tarihi-ve-oyuncu-kadrosu\/","name":"Fantastik D\u00f6rtl\u00fc 2025 \u2013 Fragman, \u00c7\u0131k\u0131\u015f Tarihi ve Oyuncu Kadrosu - Turk Blogs","isPartOf":{"@id":"https:\/\/turkblogs.com\/tr\/#website"},"primaryImageOfPage":{"@id":"https:\/\/turkblogs.com\/tr\/fantastik-dortlu-2025-fragman-cikis-tarihi-ve-oyuncu-kadrosu\/#primaryimage"},"image":{"@id":"https:\/\/turkblogs.com\/tr\/fantastik-dortlu-2025-fragman-cikis-tarihi-ve-oyuncu-kadrosu\/#primaryimage"},"thumbnailUrl":"https:\/\/turkblogs.com\/wp-content\/uploads\/2024\/09\/\u0641\u0627\u0646\u062a\u0633\u062a\u064a\u0643-\u0641\u0648\u0631-\u0627\u0644\u062e\u0637\u0648\u0627\u062a-\u0627\u0644\u0623\u0648\u0644\u0649.webp","datePublished":"2024-09-01T08:58:21+00:00","dateModified":"2024-09-01T18:42:58+00:00","description":"2025 y\u0131l\u0131nda sinema d\u00fcnyas\u0131nda, Marvel hayranlar\u0131 efsanevi film beyaz perdeye d\u00f6n\u00fc\u015f\u00fcn\u00fc heyecanla bekliyor. Fantastik D\u00f6rtl\u00fc 2025","breadcrumb":{"@id":"https:\/\/turkblogs.com\/tr\/fantastik-dortlu-2025-fragman-cikis-tarihi-ve-oyuncu-kadrosu\/#breadcrumb"},"inLanguage":"tr","potentialAction":[{"@type":"ReadAction","target":["https:\/\/turkblogs.com\/tr\/fantastik-dortlu-2025-fragman-cikis-tarihi-ve-oyuncu-kadrosu\/"]}]},{"@type":"ImageObject","inLanguage":"tr","@id":"https:\/\/turkblogs.com\/tr\/fantastik-dortlu-2025-fragman-cikis-tarihi-ve-oyuncu-kadrosu\/#primaryimage","url":"https:\/\/turkblogs.com\/wp-content\/uploads\/2024\/09\/\u0641\u0627\u0646\u062a\u0633\u062a\u064a\u0643-\u0641\u0648\u0631-\u0627\u0644\u062e\u0637\u0648\u0627\u062a-\u0627\u0644\u0623\u0648\u0644\u0649.webp","contentUrl":"https:\/\/turkblogs.com\/wp-content\/uploads\/2024\/09\/\u0641\u0627\u0646\u062a\u0633\u062a\u064a\u0643-\u0641\u0648\u0631-\u0627\u0644\u062e\u0637\u0648\u0627\u062a-\u0627\u0644\u0623\u0648\u0644\u0649.webp","width":686,"height":386,"caption":"\u0641\u0627\u0646\u062a\u0633\u062a\u064a\u0643 \u0641\u0648\u0631 \u0627\u0644\u062e\u0637\u0648\u0627\u062a \u0627\u0644\u0623\u0648\u0644\u0649"},{"@type":"BreadcrumbList","@id":"https:\/\/turkblogs.com\/tr\/fantastik-dortlu-2025-fragman-cikis-tarihi-ve-oyuncu-kadrosu\/#breadcrumb","itemListElement":[{"@type":"ListItem","position":1,"name":"\u0627\u0644\u0631\u0626\u064a\u0633\u064a\u0629","item":"https:\/\/turkblogs.com\/tr\/"},{"@type":"ListItem","position":2,"name":"Fantastik D\u00f6rtl\u00fc 2025 \u2013 Fragman, \u00c7\u0131k\u0131\u015f Tarihi ve Oyuncu Kadrosu"}]},{"@type":"WebSite","@id":"https:\/\/turkblogs.com\/tr\/#website","url":"https:\/\/turkblogs.com\/tr\/","name":"Turk Blogs","description":"Stay informed with Turk Blogs \u2013 your source for the latest news and insights on Turkey and\u00a0global\u00a0events.","publisher":{"@id":"https:\/\/turkblogs.com\/tr\/#organization"},"potentialAction":[{"@type":"SearchAction","target":{"@type":"EntryPoint","urlTemplate":"https:\/\/turkblogs.com\/tr\/?s={search_term_string}"},"query-input":{"@type":"PropertyValueSpecification","valueRequired":true,"valueName":"search_term_string"}}],"inLanguage":"tr"},{"@type":"Organization","@id":"https:\/\/turkblogs.com\/tr\/#organization","name":"Turk Blogs","url":"https:\/\/turkblogs.com\/tr\/","logo":{"@type":"ImageObject","inLanguage":"tr","@id":"https:\/\/turkblogs.com\/tr\/#\/schema\/logo\/image\/","url":"https:\/\/turkblogs.com\/wp-content\/uploads\/2023\/11\/tr-blogo-logo-icon.png","contentUrl":"https:\/\/turkblogs.com\/wp-content\/uploads\/2023\/11\/tr-blogo-logo-icon.png","width":100,"height":100,"caption":"Turk Blogs"},"image":{"@id":"https:\/\/turkblogs.com\/tr\/#\/schema\/logo\/image\/"},"sameAs":["https:\/\/www.facebook.com\/profile.php?id=61554105234628","https:\/\/x.com\/turkblogs"]},{"@type":"Person","@id":"https:\/\/turkblogs.com\/tr\/#\/schema\/person\/c80e947f9053fd02278fab3e1aa4adb9","name":"Bedir KAYA","image":{"@type":"ImageObject","inLanguage":"tr","@id":"https:\/\/secure.gravatar.com\/avatar\/6fc6aa9fc4b8c21f6622cf94889a482227ef0c6018e0d0fa080dba904dd8b55d?s=96&d=mm&r=g","url":"https:\/\/secure.gravatar.com\/avatar\/6fc6aa9fc4b8c21f6622cf94889a482227ef0c6018e0d0fa080dba904dd8b55d?s=96&d=mm&r=g","contentUrl":"https:\/\/secure.gravatar.com\/avatar\/6fc6aa9fc4b8c21f6622cf94889a482227ef0c6018e0d0fa080dba904dd8b55d?s=96&d=mm&r=g","caption":"Bedir KAYA"},"sameAs":["https:\/\/turkblogs.com"],"url":"https:\/\/turkblogs.com\/tr\/author\/invest55332\/"}]}},"_links":{"self":[{"href":"https:\/\/turkblogs.com\/tr\/wp-json\/wp\/v2\/posts\/3009","targetHints":{"allow":["GET"]}}],"collection":[{"href":"https:\/\/turkblogs.com\/tr\/wp-json\/wp\/v2\/posts"}],"about":[{"href":"https:\/\/turkblogs.com\/tr\/wp-json\/wp\/v2\/types\/post"}],"author":[{"embeddable":true,"href":"https:\/\/turkblogs.com\/tr\/wp-json\/wp\/v2\/users\/1"}],"replies":[{"embeddable":true,"href":"https:\/\/turkblogs.com\/tr\/wp-json\/wp\/v2\/comments?post=3009"}],"version-history":[{"count":1,"href":"https:\/\/turkblogs.com\/tr\/wp-json\/wp\/v2\/posts\/3009\/revisions"}],"predecessor-version":[{"id":3012,"href":"https:\/\/turkblogs.com\/tr\/wp-json\/wp\/v2\/posts\/3009\/revisions\/3012"}],"wp:featuredmedia":[{"embeddable":true,"href":"https:\/\/turkblogs.com\/tr\/wp-json\/wp\/v2\/media\/3002"}],"wp:attachment":[{"href":"https:\/\/turkblogs.com\/tr\/wp-json\/wp\/v2\/media?parent=3009"}],"wp:term":[{"taxonomy":"category","embeddable":true,"href":"https:\/\/turkblogs.com\/tr\/wp-json\/wp\/v2\/categories?post=3009"},{"taxonomy":"post_tag","embeddable":true,"href":"https:\/\/turkblogs.com\/tr\/wp-json\/wp\/v2\/tags?post=3009"}],"curies":[{"name":"wp","href":"https:\/\/api.w.org\/{rel}","templated":true}]}}