{"id":17416,"date":"2026-09-03T14:54:44","date_gmt":"2026-09-03T14:54:44","guid":{"rendered":"https:\/\/turkblogs.com\/ab-turizm-gecelemeleri-2026\/"},"modified":"2026-09-03T14:55:25","modified_gmt":"2026-09-03T14:55:25","slug":"ab-turizm-gecelemeleri-2026","status":"publish","type":"post","link":"https:\/\/turkblogs.com\/tr\/ab-turizm-gecelemeleri-2026\/","title":{"rendered":"AB&#8217;de Turizm Gecelemeleri 2026&#8217;da Art\u0131\u015fta"},"content":{"rendered":"<p>Avrupa turizm sekt\u00f6r\u00fc, 2026 y\u0131l\u0131n\u0131n ilk alt\u0131 ay\u0131nda ekonomik ve sekt\u00f6rel a\u00e7\u0131dan sevindirici geli\u015fmelerle g\u00fcndeme geldi. Tatilciler, yat\u0131r\u0131mc\u0131lar ve sekt\u00f6rel verileri yak\u0131ndan takip eden payda\u015flar i\u00e7in yay\u0131mlanan g\u00fcncel <strong>Avrupa turizm verileri<\/strong>, k\u0131tadaki hareketlili\u011fin devam etti\u011fini net bir \u015fekilde ortaya koyuyor. \u00d6zellikle seyahat trendlerinin ve ekonomik g\u00f6stergelerin \u015fekillendi\u011fi bu d\u00f6nemde, konaklama ve geceleme say\u0131lar\u0131ndaki yukar\u0131 y\u00f6nl\u00fc ivme dikkat \u00e7ekiyor.<\/p>\n<p><img decoding=\"async\" src=\"https:\/\/turkblogs.com\/wp-content\/uploads\/2026\/09\/european-tourism-nights-2026.webp\" alt=\"Avrupa'da tarihi bir \u015fehir merkezinde dola\u015fan turistler ve hareketli turizm sezonu\" style=\"width:100%;height:auto;\" loading=\"lazy\" \/><\/p>\n<ul>\n<li>2026 y\u0131l\u0131n\u0131n ilk yar\u0131s\u0131nda AB genelinde 1.321 milyar geceleme kaydedildi.<\/li>\n<li>Geceleme say\u0131lar\u0131nda ge\u00e7en y\u0131l\u0131n ayn\u0131 d\u00f6nemine g\u00f6re %1.7 oran\u0131nda bir art\u0131\u015f ya\u015fand\u0131.<\/li>\n<li>Yabanc\u0131 turistlerin pay\u0131 toplam gecelemelerin %48.9&#8217;unu olu\u015fturdu.<\/li>\n<li>\u0130rlanda, Malta ve Slovakya en y\u00fcksek b\u00fcy\u00fcme oranlar\u0131n\u0131 yakalayan \u00fclkeler oldu.<\/li>\n<\/ul>\n<nav class=\"table-of-contents\" aria-label=\"Table of Contents\">\n<ul>\n<li><a href=\"#2026-y\u0131l\u0131n\u0131n-i-lk-yar\u0131s\u0131nda-ab-turizm-verileri\">2026 Y\u0131l\u0131n\u0131n \u0130lk Yar\u0131s\u0131nda AB Turizm Verileri<\/a><\/li>\n<li><a href=\"#en-\u00e7ok-b\u00fcy\u00fcyen-avrupal\u0131-\u00fclkeler-hangileri\">En \u00c7ok B\u00fcy\u00fcyen Avrupal\u0131 \u00dclkeler Hangileri?<\/a><\/li>\n<li style=\"margin-inline-start:1.2em;\"><a href=\"#i-rlanda-malta-ve-slovakya-n\u0131n-y\u00fckseli\u015fi\">\u0130rlanda, Malta ve Slovakya&#8217;n\u0131n Y\u00fckseli\u015fi<\/a><\/li>\n<li><a href=\"#yabanc\u0131-turistlerin-oran\u0131-ve-sekt\u00f6rel-etkileri\">Yabanc\u0131 Turistlerin Oran\u0131 ve Sekt\u00f6rel Etkileri<\/a><\/li>\n<li><a href=\"#avrupa-turizm-sekt\u00f6r\u00fcnde-gelecek-d\u00f6nem-beklentileri\">Avrupa Turizm Sekt\u00f6r\u00fcnde Gelecek D\u00f6nem Beklentileri<\/a><\/li>\n<\/ul>\n<\/nav>\n<h2 id=\"2026-y\u0131l\u0131n\u0131n-i-lk-yar\u0131s\u0131nda-ab-turizm-verileri\">2026 Y\u0131l\u0131n\u0131n \u0130lk Yar\u0131s\u0131nda AB Turizm Verileri<\/h2>\n<p>Resmi kaynaklar taraf\u0131ndan payla\u015f\u0131lan bilgilere g\u00f6re, <a href=\"https:\/\/vertexaisearch.cloud.google.com\/grounding-api-redirect\/AUZIYQFlLQQtT6db3kxB8Bhxvdq8WPaVzIRNkIahNJE5LpkY9mOB0qlobn4hFxjqv69eI-jWAp8rERqv6OUY-uWbRqEt6ByUuakcge8_poEOMYfP_16l-Wd2u3yb5xIEaOts036s9XKjreGTng0Bu5Eu-y7XysM87zaA4KwhPJXuVV-0\" target=\"_blank\" rel=\"noopener noreferrer\">Eurostat<\/a> ve ilgili Avrupa Birli\u011fi birimlerinin raporlar\u0131, 2026 turizm istatistikleri a\u00e7\u0131s\u0131ndan olumlu bir tablo \u00e7iziyor. Y\u0131l\u0131n ilk yar\u0131s\u0131nda (Ocak-Haziran d\u00f6nemi) AB \u00fcyesi \u00fclkelerdeki turistik tesislerde ge\u00e7irilen toplam geceleme say\u0131s\u0131 1.321 milyara ula\u015ft\u0131. Bu rakam, 2025 y\u0131l\u0131n\u0131n ayn\u0131 d\u00f6nemi ile k\u0131yasland\u0131\u011f\u0131nda y\u00fczde 1.7&#8217;lik bir b\u00fcy\u00fcme anlam\u0131na geliyor.<\/p>\n<div style=\"background:#eef2ff;border-inline-start:4px solid #4f46e5;padding:12px 16px;margin:16px 0;border-radius:6px;\"><strong>Ekonomik Not:<\/strong> 2026&#8217;n\u0131n ilk yar\u0131s\u0131nda elde edilen 1.321 milyar liral\u0131k toplam geceleme, turizm sekt\u00f6r\u00fcn\u00fcn Avrupa genelindeki ekonomik direncini ve toparlanma h\u0131z\u0131n\u0131 kan\u0131tlar niteliktedir.<\/div>\n<h2 id=\"en-\u00e7ok-b\u00fcy\u00fcyen-avrupal\u0131-\u00fclkeler-hangileri\">En \u00c7ok B\u00fcy\u00fcyen Avrupal\u0131 \u00dclkeler Hangileri?<\/h2>\n<p>Avrupa genelindeki bu genel b\u00fcy\u00fcme trendi, baz\u0131 \u00fcye \u00fclkelerde ortalaman\u0131n \u00e7ok \u00fczerinde bir performansla kar\u015f\u0131l\u0131k buldu. Sekt\u00f6rel hareketlilik, \u00f6zellikle belirli destinasyonlarda turizm yat\u0131r\u0131mlar\u0131n\u0131n ve seyahat talebinin katlanarak artmas\u0131n\u0131 sa\u011flad\u0131.<\/p>\n<h3 id=\"i-rlanda-malta-ve-slovakya-n\u0131n-y\u00fckseli\u015fi\">\u0130rlanda, Malta ve Slovakya&#8217;n\u0131n Y\u00fckseli\u015fi<\/h3>\n<p>A\u00e7\u0131klanan verilere g\u00f6re, 2026 y\u0131l\u0131n\u0131n ilk yar\u0131s\u0131nda en y\u00fcksek b\u00fcy\u00fcme oranlar\u0131n\u0131 yakalayan \u00fclkeler \u0130rlanda, Malta ve Slovakya oldu. Bu \u00fc\u00e7 \u00fclke, gerek uluslararas\u0131 pazarlardan ald\u0131klar\u0131 pay\u0131 art\u0131rmalar\u0131 gerekse i\u00e7 turizmdeki hareketlilik sayesinde <a href=\"https:\/\/turkblogs.com\/tr\/turkiye-2026-ilk-yari-turizm-gelirleri\/\">T\u00fcrkiye 2026 \u0130lk Yar\u0131 Turizm Gelirleri<\/a> gibi k\u00fcresel turizm piyasas\u0131ndaki di\u011fer dikkat \u00e7ekici geli\u015fmelerle benzer \u015fekilde, kendi b\u00f6lgelerinde rekor d\u00fczeyde geceleme art\u0131\u015flar\u0131na imza att\u0131lar. Konaklama tesisleri ve yerel i\u015fletmeler bu yo\u011fun talep kar\u015f\u0131s\u0131nda hizmet kalitesini art\u0131r\u0131rken, seyahatseverler i\u00e7in <a href=\"https:\/\/turkblogs.com\/tr\/michelin-rehberi-2026-benzersiz-otel-adaylari\/\">Michelin Rehberi 2026 Benzersiz Otel Adaylar\u0131 A\u00e7\u0131kland\u0131<\/a> gibi prestijli listeler de tatil planlamalar\u0131nda \u00f6nemli birer rehber haline gelmeye ba\u015flad\u0131.<\/p>\n<h2 id=\"yabanc\u0131-turistlerin-oran\u0131-ve-sekt\u00f6rel-etkileri\">Yabanc\u0131 Turistlerin Oran\u0131 ve Sekt\u00f6rel Etkileri<\/h2>\n<p>Sekt\u00f6r\u00fcn performans\u0131n\u0131 de\u011ferlendirirken sadece toplam say\u0131ya de\u011fil, ziyaret\u00e7ilerin men\u015feine de bakmak gerekiyor. Verilere g\u00f6re, seyahat eden yabanc\u0131 turistler (hem AB i\u00e7i farkl\u0131 \u00fclkelerden gelenler hem de birlik d\u0131\u015f\u0131ndan seyahat edenler) toplam gecelemelerin y\u00fczde 48.9&#8217;unu olu\u015fturdu. Bu oran, uluslararas\u0131 seyahat k\u0131s\u0131tlamalar\u0131n\u0131n ve engellerinin tamamen geride kald\u0131\u011f\u0131n\u0131, k\u00fcresel turizm ak\u0131\u015f\u0131n\u0131n eski g\u00fcc\u00fcne kavu\u015ftu\u011funu g\u00f6steriyor. Yat\u0131r\u0131mc\u0131lar ve otel i\u015fletmecileri i\u00e7in bu veriler, doluluk oranlar\u0131n\u0131n s\u00fcrd\u00fcr\u00fclebilir bir \u00e7izgide ilerleyece\u011finin sinyallerini veriyor.<\/p>\n<h2 id=\"avrupa-turizm-sekt\u00f6r\u00fcnde-gelecek-d\u00f6nem-beklentileri\">Avrupa Turizm Sekt\u00f6r\u00fcnde Gelecek D\u00f6nem Beklentileri<\/h2>\n<p>2026 y\u0131l\u0131n\u0131n geride kalan aylar\u0131na y\u00f6nelik \u00f6ng\u00f6r\u00fcler, turizmdeki bu canl\u0131l\u0131\u011f\u0131n sadece yaz sezonu ile s\u0131n\u0131rl\u0131 kalmayaca\u011f\u0131n\u0131, sonbahar ve k\u0131\u015f d\u00f6neminde de devam edece\u011fini i\u015faret ediyor. \u00d6zellikle <a href=\"https:\/\/turkblogs.com\/tr\/turkiye-2026-sonbahar-rus-turist\/\">T\u00fcrkiye 2026 Sonbahar\u0131nda Rus Turistlerin Favorisi<\/a> gibi b\u00f6lgesel pop\u00fclarite kazanan Akdeniz ve Avrupa \u00e7evresi destinasyonlardaki hareketlilik, k\u0131ta genelindeki turizm ekosisteminin ne kadar entegre ve dinamik \u00e7al\u0131\u015ft\u0131\u011f\u0131n\u0131 kan\u0131tlamaktad\u0131r. Sekt\u00f6r payda\u015flar\u0131, artan maliyetlere ve enflasyonist bask\u0131lara ra\u011fmen t\u00fcketicilerin tatil ve seyahat harcamalar\u0131ndan vazge\u00e7medi\u011fini, aksine seyahati \u00f6ncelikli bir ya\u015fam tarz\u0131 olarak konumland\u0131rd\u0131\u011f\u0131n\u0131 belirtmektedir.<\/p>\n<table>\n<thead>\n<tr>\n<th>G\u00f6sterge \/ Veri T\u00fcr\u00fc<\/th>\n<th>2026 Y\u0131l\u0131n\u0131n \u0130lk Yar\u0131s\u0131<\/th>\n<th>2025 Y\u0131l\u0131na G\u00f6re De\u011fi\u015fim<\/th>\n<\/tr>\n<\/thead>\n<tbody>\n<tr>\n<td>Toplam Geceleme Say\u0131s\u0131 (AB)<\/td>\n<td>1.321 Milyar<\/td>\n<td>+%1.7 Art\u0131\u015f<\/td>\n<\/tr>\n<tr>\n<td>Yabanc\u0131 Turist Oran\u0131<\/td>\n<td>%48.9<\/td>\n<td>&#8211;<\/td>\n<\/tr>\n<tr>\n<td>\u00d6ne \u00c7\u0131kan B\u00fcy\u00fcyen \u00dclkeler<\/td>\n<td>\u0130rlanda, Malta, Slovakya<\/td>\n<td>En Y\u00fcksek Oranlar<\/td>\n<\/tr>\n<\/tbody>\n<\/table>\n<p>Sonu\u00e7 olarak, 2026 y\u0131l\u0131n\u0131n ilk alt\u0131 ay\u0131na ait turizm verileri, Avrupa seyahat pazar\u0131n\u0131n istikrarl\u0131 b\u00fcy\u00fcmesini s\u00fcrd\u00fcrd\u00fc\u011f\u00fcn\u00fc kan\u0131tl\u0131yor. Sekt\u00f6rdeki bu olumlu geli\u015fmeler hakk\u0131nda daha fazla bilgi edinmek ve yeni seyahat trendlerini takip etmek i\u00e7in ilgili resmi raporlar\u0131 inceleyebilirsiniz.<\/p>\n<p><script type=\"application\/ld+json\">{\"@context\": \"https:\/\/schema.org\", \"@type\": \"NewsArticle\", \"headline\": \"AB'de Turizm Gecelemeleri 2026'da Art\u0131\u015fta\", \"description\": \"2026 y\u0131l\u0131n\u0131n ilk yar\u0131s\u0131nda AB turizm verileri a\u00e7\u0131kland\u0131. Geceleme say\u0131s\u0131 y\u00fczde 1.7 artarak 1.321 milyara ula\u015ft\u0131. Detaylar ve istatistikler haberimizde.\", \"inLanguage\": \"tr\", \"mainEntityOfPage\": {\"@type\": \"WebPage\", \"@id\": \"https:\/\/turkblogs.com\/tr\/ab-turizm-gecelemeleri-2026\/\"}, \"datePublished\": \"2026-09-03T14:55:24\", \"dateModified\": \"2026-09-03T14:55:24\", \"publisher\": {\"@type\": \"Organization\", \"name\": \"Turk Blogs\", \"url\": \"https:\/\/turkblogs.com\", \"logo\": {\"@type\": \"ImageObject\", \"url\": \"https:\/\/turkblogs.com\/wp-content\/uploads\/2023\/11\/tr-blogo-logo-png.png\"}, \"sameAs\": [\"https:\/\/www.facebook.com\/profile.php?id=61554105234628\", \"https:\/\/www.instagram.com\/turkblogs\/\", \"https:\/\/twitter.com\/turkblogs\", \"https:\/\/www.youtube.com\/channel\/UCUvClZgrOsk5EftH9UalIIw\"]}, \"image\": [\"https:\/\/turkblogs.com\/wp-content\/uploads\/2026\/09\/european-tourism-nights-2026.webp\"]}<\/script><br \/>\n<script type=\"application\/ld+json\">{\"@context\": \"https:\/\/schema.org\", \"@type\": \"FAQPage\", \"mainEntity\": [{\"@type\": \"Question\", \"name\": \"2026 y\u0131l\u0131n\u0131n ilk yar\u0131s\u0131nda AB'de toplam ka\u00e7 geceleme yap\u0131ld\u0131?\", \"acceptedAnswer\": {\"@type\": \"Answer\", \"text\": \"2026 y\u0131l\u0131n\u0131n ilk yar\u0131s\u0131nda AB \u00fcyesi \u00fclkelerdeki turistik tesislerde toplam 1.321 milyar geceleme ger\u00e7ekle\u015ftirilmi\u015ftir.\"}}, {\"@type\": \"Question\", \"name\": \"AB turizm geceleme say\u0131lar\u0131nda ne kadar art\u0131\u015f oldu?\", \"acceptedAnswer\": {\"@type\": \"Answer\", \"text\": \"Geceleme say\u0131lar\u0131, 2025 y\u0131l\u0131n\u0131n ayn\u0131 d\u00f6nemine k\u0131yasla y\u00fczde 1.7 oran\u0131nda bir art\u0131\u015f g\u00f6stermi\u015ftir.\"}}, {\"@type\": \"Question\", \"name\": \"Hangi \u00fclkeler turizmde en \u00e7ok b\u00fcy\u00fcd\u00fc?\", \"acceptedAnswer\": {\"@type\": \"Answer\", \"text\": \"2026'n\u0131n ilk yar\u0131s\u0131nda \u0130rlanda, Malta ve Slovakya en y\u00fcksek b\u00fcy\u00fcme oranlar\u0131n\u0131 yakalayan Avrupa \u00fclkeleri olarak \u00f6ne \u00e7\u0131km\u0131\u015ft\u0131r.\"}}]}<\/script><\/p>\n","protected":false},"excerpt":{"rendered":"<p>Avrupa Birli\u011fi turizm sekt\u00f6r\u00fc, 2026 y\u0131l\u0131n\u0131n ilk yar\u0131s\u0131nda \u00f6nemli bir b\u00fcy\u00fcme kaydederek 1.321 milyar geceleme say\u0131s\u0131na ula\u015ft\u0131.<\/p>\n","protected":false},"author":1,"featured_media":17409,"comment_status":"open","ping_status":"open","sticky":false,"template":"","format":"standard","meta":{"footnotes":""},"categories":[66],"tags":[],"class_list":{"0":"post-17416","1":"post","2":"type-post","3":"status-publish","4":"format-standard","5":"has-post-thumbnail","7":"category-turizm"},"wpml_debug":"{\"has_action_before\":\"yes\",\"lang\":null,\"translation_of\":null,\"skipped\":\"no_lang_param\"}","yoast_head":"<!-- This site is optimized with the Yoast SEO plugin v28.2 - https:\/\/yoast.com\/product\/yoast-seo-wordpress\/ -->\n<title>AB Turizm Verileri 2026: Geceleme Say\u0131lar\u0131 Artt\u0131<\/title>\n<meta name=\"description\" content=\"2026 y\u0131l\u0131n\u0131n ilk yar\u0131s\u0131nda AB turizm verileri a\u00e7\u0131kland\u0131. Geceleme say\u0131s\u0131 y\u00fczde 1.7 artarak 1.321 milyara ula\u015ft\u0131. Detaylar ve istatistikler haberimizde.\" \/>\n<meta name=\"robots\" content=\"index, follow, max-snippet:-1, max-image-preview:large, max-video-preview:-1\" \/>\n<link rel=\"canonical\" href=\"https:\/\/turkblogs.com\/tr\/ab-turizm-gecelemeleri-2026\/\" \/>\n<meta property=\"og:locale\" content=\"tr_TR\" \/>\n<meta property=\"og:type\" content=\"article\" \/>\n<meta property=\"og:title\" content=\"AB Turizm Verileri 2026: Geceleme Say\u0131lar\u0131 Artt\u0131\" \/>\n<meta property=\"og:description\" content=\"2026 y\u0131l\u0131n\u0131n ilk yar\u0131s\u0131nda AB turizm verileri a\u00e7\u0131kland\u0131. Geceleme say\u0131s\u0131 y\u00fczde 1.7 artarak 1.321 milyara ula\u015ft\u0131. Detaylar ve istatistikler haberimizde.\" \/>\n<meta property=\"og:url\" content=\"https:\/\/turkblogs.com\/tr\/ab-turizm-gecelemeleri-2026\/\" \/>\n<meta property=\"og:site_name\" content=\"Turk Blogs\" \/>\n<meta property=\"article:publisher\" content=\"https:\/\/www.facebook.com\/profile.php?id=61554105234628\" \/>\n<meta property=\"article:published_time\" content=\"2026-09-03T14:54:44+00:00\" \/>\n<meta property=\"article:modified_time\" content=\"2026-09-03T14:55:25+00:00\" \/>\n<meta property=\"og:image\" content=\"https:\/\/turkblogs.com\/wp-content\/uploads\/2026\/09\/european-tourism-nights-2026.webp\" \/>\n\t<meta property=\"og:image:width\" content=\"1408\" \/>\n\t<meta property=\"og:image:height\" content=\"768\" \/>\n\t<meta property=\"og:image:type\" content=\"image\/webp\" \/>\n<meta name=\"author\" content=\"Bedir KAYA\" \/>\n<meta name=\"twitter:card\" content=\"summary_large_image\" \/>\n<meta name=\"twitter:creator\" content=\"@turkblogs\" \/>\n<meta name=\"twitter:site\" content=\"@turkblogs\" \/>\n<meta name=\"twitter:label1\" content=\"Yazan:\" \/>\n\t<meta name=\"twitter:data1\" content=\"Bedir KAYA\" \/>\n\t<meta name=\"twitter:label2\" content=\"Tahmini okuma s\u00fcresi\" \/>\n\t<meta name=\"twitter:data2\" content=\"4 dakika\" \/>\n<script type=\"application\/ld+json\" class=\"yoast-schema-graph\">{\"@context\":\"https:\\\/\\\/schema.org\",\"@graph\":[{\"@type\":\"Article\",\"@id\":\"https:\\\/\\\/turkblogs.com\\\/tr\\\/ab-turizm-gecelemeleri-2026\\\/#article\",\"isPartOf\":{\"@id\":\"https:\\\/\\\/turkblogs.com\\\/tr\\\/ab-turizm-gecelemeleri-2026\\\/\"},\"author\":{\"name\":\"Bedir KAYA\",\"@id\":\"https:\\\/\\\/turkblogs.com\\\/tr\\\/#\\\/schema\\\/person\\\/c80e947f9053fd02278fab3e1aa4adb9\"},\"headline\":\"AB&#8217;de Turizm Gecelemeleri 2026&#8217;da Art\u0131\u015fta\",\"datePublished\":\"2026-09-03T14:54:44+00:00\",\"dateModified\":\"2026-09-03T14:55:25+00:00\",\"mainEntityOfPage\":{\"@id\":\"https:\\\/\\\/turkblogs.com\\\/tr\\\/ab-turizm-gecelemeleri-2026\\\/\"},\"wordCount\":809,\"commentCount\":0,\"publisher\":{\"@id\":\"https:\\\/\\\/turkblogs.com\\\/tr\\\/#organization\"},\"image\":{\"@id\":\"https:\\\/\\\/turkblogs.com\\\/tr\\\/ab-turizm-gecelemeleri-2026\\\/#primaryimage\"},\"thumbnailUrl\":\"https:\\\/\\\/turkblogs.com\\\/wp-content\\\/uploads\\\/2026\\\/09\\\/european-tourism-nights-2026.webp\",\"articleSection\":[\"Turizm\"],\"inLanguage\":\"tr\",\"potentialAction\":[{\"@type\":\"CommentAction\",\"name\":\"Comment\",\"target\":[\"https:\\\/\\\/turkblogs.com\\\/tr\\\/ab-turizm-gecelemeleri-2026\\\/#respond\"]}]},{\"@type\":\"WebPage\",\"@id\":\"https:\\\/\\\/turkblogs.com\\\/tr\\\/ab-turizm-gecelemeleri-2026\\\/\",\"url\":\"https:\\\/\\\/turkblogs.com\\\/tr\\\/ab-turizm-gecelemeleri-2026\\\/\",\"name\":\"AB Turizm Verileri 2026: Geceleme Say\u0131lar\u0131 Artt\u0131\",\"isPartOf\":{\"@id\":\"https:\\\/\\\/turkblogs.com\\\/tr\\\/#website\"},\"primaryImageOfPage\":{\"@id\":\"https:\\\/\\\/turkblogs.com\\\/tr\\\/ab-turizm-gecelemeleri-2026\\\/#primaryimage\"},\"image\":{\"@id\":\"https:\\\/\\\/turkblogs.com\\\/tr\\\/ab-turizm-gecelemeleri-2026\\\/#primaryimage\"},\"thumbnailUrl\":\"https:\\\/\\\/turkblogs.com\\\/wp-content\\\/uploads\\\/2026\\\/09\\\/european-tourism-nights-2026.webp\",\"datePublished\":\"2026-09-03T14:54:44+00:00\",\"dateModified\":\"2026-09-03T14:55:25+00:00\",\"description\":\"2026 y\u0131l\u0131n\u0131n ilk yar\u0131s\u0131nda AB turizm verileri a\u00e7\u0131kland\u0131. Geceleme say\u0131s\u0131 y\u00fczde 1.7 artarak 1.321 milyara ula\u015ft\u0131. Detaylar ve istatistikler haberimizde.\",\"breadcrumb\":{\"@id\":\"https:\\\/\\\/turkblogs.com\\\/tr\\\/ab-turizm-gecelemeleri-2026\\\/#breadcrumb\"},\"inLanguage\":\"tr\",\"potentialAction\":[{\"@type\":\"ReadAction\",\"target\":[\"https:\\\/\\\/turkblogs.com\\\/tr\\\/ab-turizm-gecelemeleri-2026\\\/\"]}]},{\"@type\":\"ImageObject\",\"inLanguage\":\"tr\",\"@id\":\"https:\\\/\\\/turkblogs.com\\\/tr\\\/ab-turizm-gecelemeleri-2026\\\/#primaryimage\",\"url\":\"https:\\\/\\\/turkblogs.com\\\/wp-content\\\/uploads\\\/2026\\\/09\\\/european-tourism-nights-2026.webp\",\"contentUrl\":\"https:\\\/\\\/turkblogs.com\\\/wp-content\\\/uploads\\\/2026\\\/09\\\/european-tourism-nights-2026.webp\",\"width\":1408,\"height\":768,\"caption\":\"\u0645\u0634\u0647\u062f \u0633\u064a\u0627\u062d\u064a \u0646\u0627\u0628\u0636 \u0628\u0627\u0644\u062d\u064a\u0627\u0629 \u0641\u064a \u0625\u062d\u062f\u0649 \u0627\u0644\u0633\u0627\u062d\u0627\u062a \u0627\u0644\u0623\u0648\u0631\u0648\u0628\u064a\u0629 \u0627\u0644\u0643\u0628\u0631\u0649\"},{\"@type\":\"BreadcrumbList\",\"@id\":\"https:\\\/\\\/turkblogs.com\\\/tr\\\/ab-turizm-gecelemeleri-2026\\\/#breadcrumb\",\"itemListElement\":[{\"@type\":\"ListItem\",\"position\":1,\"name\":\"\u0627\u0644\u0631\u0626\u064a\u0633\u064a\u0629\",\"item\":\"https:\\\/\\\/turkblogs.com\\\/tr\\\/\"},{\"@type\":\"ListItem\",\"position\":2,\"name\":\"AB&#8217;de Turizm Gecelemeleri 2026&#8217;da Art\u0131\u015fta\"}]},{\"@type\":\"WebSite\",\"@id\":\"https:\\\/\\\/turkblogs.com\\\/tr\\\/#website\",\"url\":\"https:\\\/\\\/turkblogs.com\\\/tr\\\/\",\"name\":\"Turk Blogs\",\"description\":\"Stay informed with Turk Blogs \u2013 your source for the latest news and insights on Turkey and\u00a0global\u00a0events.\",\"publisher\":{\"@id\":\"https:\\\/\\\/turkblogs.com\\\/tr\\\/#organization\"},\"potentialAction\":[{\"@type\":\"SearchAction\",\"target\":{\"@type\":\"EntryPoint\",\"urlTemplate\":\"https:\\\/\\\/turkblogs.com\\\/tr\\\/?s={search_term_string}\"},\"query-input\":{\"@type\":\"PropertyValueSpecification\",\"valueRequired\":true,\"valueName\":\"search_term_string\"}}],\"inLanguage\":\"tr\"},{\"@type\":\"Organization\",\"@id\":\"https:\\\/\\\/turkblogs.com\\\/tr\\\/#organization\",\"name\":\"Turk Blogs\",\"url\":\"https:\\\/\\\/turkblogs.com\\\/tr\\\/\",\"logo\":{\"@type\":\"ImageObject\",\"inLanguage\":\"tr\",\"@id\":\"https:\\\/\\\/turkblogs.com\\\/tr\\\/#\\\/schema\\\/logo\\\/image\\\/\",\"url\":\"https:\\\/\\\/turkblogs.com\\\/wp-content\\\/uploads\\\/2023\\\/11\\\/tr-blogo-logo-icon.png\",\"contentUrl\":\"https:\\\/\\\/turkblogs.com\\\/wp-content\\\/uploads\\\/2023\\\/11\\\/tr-blogo-logo-icon.png\",\"width\":100,\"height\":100,\"caption\":\"Turk Blogs\"},\"image\":{\"@id\":\"https:\\\/\\\/turkblogs.com\\\/tr\\\/#\\\/schema\\\/logo\\\/image\\\/\"},\"sameAs\":[\"https:\\\/\\\/www.facebook.com\\\/profile.php?id=61554105234628\",\"https:\\\/\\\/x.com\\\/turkblogs\"]},{\"@type\":\"Person\",\"@id\":\"https:\\\/\\\/turkblogs.com\\\/tr\\\/#\\\/schema\\\/person\\\/c80e947f9053fd02278fab3e1aa4adb9\",\"name\":\"Bedir KAYA\",\"image\":{\"@type\":\"ImageObject\",\"inLanguage\":\"tr\",\"@id\":\"https:\\\/\\\/secure.gravatar.com\\\/avatar\\\/6fc6aa9fc4b8c21f6622cf94889a482227ef0c6018e0d0fa080dba904dd8b55d?s=96&d=mm&r=g\",\"url\":\"https:\\\/\\\/secure.gravatar.com\\\/avatar\\\/6fc6aa9fc4b8c21f6622cf94889a482227ef0c6018e0d0fa080dba904dd8b55d?s=96&d=mm&r=g\",\"contentUrl\":\"https:\\\/\\\/secure.gravatar.com\\\/avatar\\\/6fc6aa9fc4b8c21f6622cf94889a482227ef0c6018e0d0fa080dba904dd8b55d?s=96&d=mm&r=g\",\"caption\":\"Bedir KAYA\"},\"sameAs\":[\"https:\\\/\\\/turkblogs.com\"],\"url\":\"https:\\\/\\\/turkblogs.com\\\/tr\\\/author\\\/invest55332\\\/\"}]}<\/script>\n<!-- \/ Yoast SEO plugin. -->","yoast_head_json":{"title":"AB Turizm Verileri 2026: Geceleme Say\u0131lar\u0131 Artt\u0131","description":"2026 y\u0131l\u0131n\u0131n ilk yar\u0131s\u0131nda AB turizm verileri a\u00e7\u0131kland\u0131. Geceleme say\u0131s\u0131 y\u00fczde 1.7 artarak 1.321 milyara ula\u015ft\u0131. Detaylar ve istatistikler haberimizde.","robots":{"index":"index","follow":"follow","max-snippet":"max-snippet:-1","max-image-preview":"max-image-preview:large","max-video-preview":"max-video-preview:-1"},"canonical":"https:\/\/turkblogs.com\/tr\/ab-turizm-gecelemeleri-2026\/","og_locale":"tr_TR","og_type":"article","og_title":"AB Turizm Verileri 2026: Geceleme Say\u0131lar\u0131 Artt\u0131","og_description":"2026 y\u0131l\u0131n\u0131n ilk yar\u0131s\u0131nda AB turizm verileri a\u00e7\u0131kland\u0131. Geceleme say\u0131s\u0131 y\u00fczde 1.7 artarak 1.321 milyara ula\u015ft\u0131. Detaylar ve istatistikler haberimizde.","og_url":"https:\/\/turkblogs.com\/tr\/ab-turizm-gecelemeleri-2026\/","og_site_name":"Turk Blogs","article_publisher":"https:\/\/www.facebook.com\/profile.php?id=61554105234628","article_published_time":"2026-09-03T14:54:44+00:00","article_modified_time":"2026-09-03T14:55:25+00:00","og_image":[{"width":1408,"height":768,"url":"https:\/\/turkblogs.com\/wp-content\/uploads\/2026\/09\/european-tourism-nights-2026.webp","type":"image\/webp"}],"author":"Bedir KAYA","twitter_card":"summary_large_image","twitter_creator":"@turkblogs","twitter_site":"@turkblogs","twitter_misc":{"Yazan:":"Bedir KAYA","Tahmini okuma s\u00fcresi":"4 dakika"},"schema":{"@context":"https:\/\/schema.org","@graph":[{"@type":"Article","@id":"https:\/\/turkblogs.com\/tr\/ab-turizm-gecelemeleri-2026\/#article","isPartOf":{"@id":"https:\/\/turkblogs.com\/tr\/ab-turizm-gecelemeleri-2026\/"},"author":{"name":"Bedir KAYA","@id":"https:\/\/turkblogs.com\/tr\/#\/schema\/person\/c80e947f9053fd02278fab3e1aa4adb9"},"headline":"AB&#8217;de Turizm Gecelemeleri 2026&#8217;da Art\u0131\u015fta","datePublished":"2026-09-03T14:54:44+00:00","dateModified":"2026-09-03T14:55:25+00:00","mainEntityOfPage":{"@id":"https:\/\/turkblogs.com\/tr\/ab-turizm-gecelemeleri-2026\/"},"wordCount":809,"commentCount":0,"publisher":{"@id":"https:\/\/turkblogs.com\/tr\/#organization"},"image":{"@id":"https:\/\/turkblogs.com\/tr\/ab-turizm-gecelemeleri-2026\/#primaryimage"},"thumbnailUrl":"https:\/\/turkblogs.com\/wp-content\/uploads\/2026\/09\/european-tourism-nights-2026.webp","articleSection":["Turizm"],"inLanguage":"tr","potentialAction":[{"@type":"CommentAction","name":"Comment","target":["https:\/\/turkblogs.com\/tr\/ab-turizm-gecelemeleri-2026\/#respond"]}]},{"@type":"WebPage","@id":"https:\/\/turkblogs.com\/tr\/ab-turizm-gecelemeleri-2026\/","url":"https:\/\/turkblogs.com\/tr\/ab-turizm-gecelemeleri-2026\/","name":"AB Turizm Verileri 2026: Geceleme Say\u0131lar\u0131 Artt\u0131","isPartOf":{"@id":"https:\/\/turkblogs.com\/tr\/#website"},"primaryImageOfPage":{"@id":"https:\/\/turkblogs.com\/tr\/ab-turizm-gecelemeleri-2026\/#primaryimage"},"image":{"@id":"https:\/\/turkblogs.com\/tr\/ab-turizm-gecelemeleri-2026\/#primaryimage"},"thumbnailUrl":"https:\/\/turkblogs.com\/wp-content\/uploads\/2026\/09\/european-tourism-nights-2026.webp","datePublished":"2026-09-03T14:54:44+00:00","dateModified":"2026-09-03T14:55:25+00:00","description":"2026 y\u0131l\u0131n\u0131n ilk yar\u0131s\u0131nda AB turizm verileri a\u00e7\u0131kland\u0131. Geceleme say\u0131s\u0131 y\u00fczde 1.7 artarak 1.321 milyara ula\u015ft\u0131. Detaylar ve istatistikler haberimizde.","breadcrumb":{"@id":"https:\/\/turkblogs.com\/tr\/ab-turizm-gecelemeleri-2026\/#breadcrumb"},"inLanguage":"tr","potentialAction":[{"@type":"ReadAction","target":["https:\/\/turkblogs.com\/tr\/ab-turizm-gecelemeleri-2026\/"]}]},{"@type":"ImageObject","inLanguage":"tr","@id":"https:\/\/turkblogs.com\/tr\/ab-turizm-gecelemeleri-2026\/#primaryimage","url":"https:\/\/turkblogs.com\/wp-content\/uploads\/2026\/09\/european-tourism-nights-2026.webp","contentUrl":"https:\/\/turkblogs.com\/wp-content\/uploads\/2026\/09\/european-tourism-nights-2026.webp","width":1408,"height":768,"caption":"\u0645\u0634\u0647\u062f \u0633\u064a\u0627\u062d\u064a \u0646\u0627\u0628\u0636 \u0628\u0627\u0644\u062d\u064a\u0627\u0629 \u0641\u064a \u0625\u062d\u062f\u0649 \u0627\u0644\u0633\u0627\u062d\u0627\u062a \u0627\u0644\u0623\u0648\u0631\u0648\u0628\u064a\u0629 \u0627\u0644\u0643\u0628\u0631\u0649"},{"@type":"BreadcrumbList","@id":"https:\/\/turkblogs.com\/tr\/ab-turizm-gecelemeleri-2026\/#breadcrumb","itemListElement":[{"@type":"ListItem","position":1,"name":"\u0627\u0644\u0631\u0626\u064a\u0633\u064a\u0629","item":"https:\/\/turkblogs.com\/tr\/"},{"@type":"ListItem","position":2,"name":"AB&#8217;de Turizm Gecelemeleri 2026&#8217;da Art\u0131\u015fta"}]},{"@type":"WebSite","@id":"https:\/\/turkblogs.com\/tr\/#website","url":"https:\/\/turkblogs.com\/tr\/","name":"Turk Blogs","description":"Stay informed with Turk Blogs \u2013 your source for the latest news and insights on Turkey and\u00a0global\u00a0events.","publisher":{"@id":"https:\/\/turkblogs.com\/tr\/#organization"},"potentialAction":[{"@type":"SearchAction","target":{"@type":"EntryPoint","urlTemplate":"https:\/\/turkblogs.com\/tr\/?s={search_term_string}"},"query-input":{"@type":"PropertyValueSpecification","valueRequired":true,"valueName":"search_term_string"}}],"inLanguage":"tr"},{"@type":"Organization","@id":"https:\/\/turkblogs.com\/tr\/#organization","name":"Turk Blogs","url":"https:\/\/turkblogs.com\/tr\/","logo":{"@type":"ImageObject","inLanguage":"tr","@id":"https:\/\/turkblogs.com\/tr\/#\/schema\/logo\/image\/","url":"https:\/\/turkblogs.com\/wp-content\/uploads\/2023\/11\/tr-blogo-logo-icon.png","contentUrl":"https:\/\/turkblogs.com\/wp-content\/uploads\/2023\/11\/tr-blogo-logo-icon.png","width":100,"height":100,"caption":"Turk Blogs"},"image":{"@id":"https:\/\/turkblogs.com\/tr\/#\/schema\/logo\/image\/"},"sameAs":["https:\/\/www.facebook.com\/profile.php?id=61554105234628","https:\/\/x.com\/turkblogs"]},{"@type":"Person","@id":"https:\/\/turkblogs.com\/tr\/#\/schema\/person\/c80e947f9053fd02278fab3e1aa4adb9","name":"Bedir KAYA","image":{"@type":"ImageObject","inLanguage":"tr","@id":"https:\/\/secure.gravatar.com\/avatar\/6fc6aa9fc4b8c21f6622cf94889a482227ef0c6018e0d0fa080dba904dd8b55d?s=96&d=mm&r=g","url":"https:\/\/secure.gravatar.com\/avatar\/6fc6aa9fc4b8c21f6622cf94889a482227ef0c6018e0d0fa080dba904dd8b55d?s=96&d=mm&r=g","contentUrl":"https:\/\/secure.gravatar.com\/avatar\/6fc6aa9fc4b8c21f6622cf94889a482227ef0c6018e0d0fa080dba904dd8b55d?s=96&d=mm&r=g","caption":"Bedir KAYA"},"sameAs":["https:\/\/turkblogs.com"],"url":"https:\/\/turkblogs.com\/tr\/author\/invest55332\/"}]}},"_links":{"self":[{"href":"https:\/\/turkblogs.com\/tr\/wp-json\/wp\/v2\/posts\/17416","targetHints":{"allow":["GET"]}}],"collection":[{"href":"https:\/\/turkblogs.com\/tr\/wp-json\/wp\/v2\/posts"}],"about":[{"href":"https:\/\/turkblogs.com\/tr\/wp-json\/wp\/v2\/types\/post"}],"author":[{"embeddable":true,"href":"https:\/\/turkblogs.com\/tr\/wp-json\/wp\/v2\/users\/1"}],"replies":[{"embeddable":true,"href":"https:\/\/turkblogs.com\/tr\/wp-json\/wp\/v2\/comments?post=17416"}],"version-history":[{"count":1,"href":"https:\/\/turkblogs.com\/tr\/wp-json\/wp\/v2\/posts\/17416\/revisions"}],"predecessor-version":[{"id":17417,"href":"https:\/\/turkblogs.com\/tr\/wp-json\/wp\/v2\/posts\/17416\/revisions\/17417"}],"wp:featuredmedia":[{"embeddable":true,"href":"https:\/\/turkblogs.com\/tr\/wp-json\/wp\/v2\/media\/17409"}],"wp:attachment":[{"href":"https:\/\/turkblogs.com\/tr\/wp-json\/wp\/v2\/media?parent=17416"}],"wp:term":[{"taxonomy":"category","embeddable":true,"href":"https:\/\/turkblogs.com\/tr\/wp-json\/wp\/v2\/categories?post=17416"},{"taxonomy":"post_tag","embeddable":true,"href":"https:\/\/turkblogs.com\/tr\/wp-json\/wp\/v2\/tags?post=17416"}],"curies":[{"name":"wp","href":"https:\/\/api.w.org\/{rel}","templated":true}]}}