{"id":17382,"date":"2026-09-02T11:12:49","date_gmt":"2026-09-02T11:12:49","guid":{"rendered":"https:\/\/turkblogs.com\/eylul-ayi-borsa-dususleri\/"},"modified":"2026-09-02T11:13:42","modified_gmt":"2026-09-02T11:13:42","slug":"eylul-ayi-borsa-dususleri","status":"publish","type":"post","link":"https:\/\/turkblogs.com\/tr\/eylul-ayi-borsa-dususleri\/","title":{"rendered":"Eyl\u00fcl ay\u0131nda ABD ve Avrupa borsalar\u0131nda sert d\u00fc\u015f\u00fc\u015f"},"content":{"rendered":"<p>Finans piyasalar\u0131, y\u0131l\u0131n en kritik d\u00f6nemlerinden biri olarak kabul edilen son \u00e7eyre\u011fe yakla\u015f\u0131rken, <strong>eyl\u00fcl ay\u0131 borsa d\u00fc\u015f\u00fc\u015f\u00fc<\/strong> ile sars\u0131ld\u0131. K\u00fcresel yat\u0131r\u0131mlar\u0131n y\u00f6n verdi\u011fi <a href=\"https:\/\/vertexaisearch.cloud.google.com\/grounding-api-redirect\/AUZIYQEpCnBtDxri3Vmlj4DXldTvImVDl3MiFowY0snlbQJnLKLROUor1QBeJ5U0SjM-ycr2MICmH_gBoEgBBuekaA5LWbTVrP8NEaVZoFp9s7osS9tJs21Qgw6BGrO41-xTwbOAG6XpWS3ZGtrIgFMdzC9PBOmpHHQtkUxuCJc1JGTE0M9kGHf-_AJGxMzy2XBk27hDqWqSAA40kg==\" target=\"_blank\" rel=\"noopener noreferrer\">Amerika&#8217;daki finans merkezleri ve Wall Street<\/a> ile Avrupa borsalar\u0131ndaki hisse senetleri, ay\u0131n ilk i\u015flem g\u00fcn\u00fcne geni\u015f \u00e7apl\u0131 kay\u0131plarla ba\u015flang\u0131\u00e7 yapt\u0131. <a href=\"https:\/\/vertexaisearch.cloud.google.com\/grounding-api-redirect\/AUZIYQHpyouWDHtZynasMrNPzPU_oKEZfy9f_a9m1ciljegohzFisa6AOsZa6sh5r71oX_IOu4Kj_gsTboVpHcvyAj-ReRHVCGNhMJ5K5b_ysPpl-GNZeQ6nwrKqIr5zrDBsU5-ncMXDZ_65UvlASQ3mLFehev9pLCPnnmex4ilVpsjj\" target=\"_blank\" rel=\"noopener noreferrer\">K\u00fcresel piyasalar eyl\u00fcl a\u00e7\u0131l\u0131\u015f\u0131<\/a> s\u0131ras\u0131nda \u00f6zellikle teknoloji hisseleri ve d\u00f6ng\u00fcsel \u015firketlerde sert sat\u0131\u015f bask\u0131s\u0131yla kar\u015f\u0131 kar\u015f\u0131ya kald\u0131. Uzmanlar, bu ani hareketlili\u011fin arkas\u0131nda hem artan jeopolitik risklerin hem de makroekonomik verilerin etkili oldu\u011funu belirtiyor.<\/p>\n<p><img decoding=\"async\" src=\"https:\/\/turkblogs.com\/wp-content\/uploads\/2026\/09\/us-european-stocks-decline-september.webp\" alt=\"K\u00fcresel piyasalarda ya\u015fanan d\u00fc\u015f\u00fc\u015f\u00fc ve k\u0131rm\u0131z\u0131 borsa grafiklerini g\u00f6steren dijital ekran\" style=\"width:100%;height:auto;\" loading=\"lazy\" \/><\/p>\n<ul style=\"margin: 16px 0; padding-inline-start: 20px;\">\n<li>Wall Street ve Avrupa borsalar\u0131 eyl\u00fcl ay\u0131na geni\u015f \u00e7apl\u0131 kay\u0131plarla ba\u015flad\u0131.<\/li>\n<li>Sat\u0131\u015f dalgas\u0131ndan en \u00e7ok teknoloji hisseleri ve d\u00f6ng\u00fcsel sekt\u00f6rler etkilendi.<\/li>\n<li>Orta Do\u011fu&#8217;daki jeopolitik gerilimler enerji fiyatlar\u0131n\u0131 yukar\u0131 \u00e7ekerek enflasyon endi\u015felerini art\u0131rd\u0131.<\/li>\n<li>Yat\u0131r\u0131mc\u0131lar merkez bankalar\u0131n\u0131n yak\u0131ndan takip edilen faiz kararlar\u0131na odakland\u0131.<\/li>\n<\/ul>\n<nav class=\"table-of-contents\" aria-label=\"Table of Contents\">\n<ul>\n<li><a href=\"#eyl\u00fcl-ay\u0131na-negatif-ba\u015flang\u0131\u00e7-wall-street-ve-avrupa-da-son-durum\">Eyl\u00fcl Ay\u0131na Negatif Ba\u015flang\u0131\u00e7: Wall Street ve Avrupa&#8217;da Son Durum<\/a><\/li>\n<li><a href=\"#d\u00fc\u015f\u00fc\u015f\u00fcn-arkas\u0131ndaki-temel-nedenler\">D\u00fc\u015f\u00fc\u015f\u00fcn Arkas\u0131ndaki Temel Nedenler<\/a><\/li>\n<li style=\"margin-inline-start:1.2em;\"><a href=\"#orta-do\u011fu-daki-jeopolitik-riskler-ve-enerji-fiyatlar\u0131\">Orta Do\u011fu&#8217;daki Jeopolitik Riskler ve Enerji Fiyatlar\u0131<\/a><\/li>\n<li style=\"margin-inline-start:1.2em;\"><a href=\"#tahvil-getirileri-ve-enflasyon-beklentileri\">Tahvil Getirileri ve Enflasyon Beklentileri<\/a><\/li>\n<li><a href=\"#ge\u00e7mi\u015f-y\u0131llardaki-eyl\u00fcl-anomalileri-ve-mevsimsel-trendler\">Ge\u00e7mi\u015f Y\u0131llardaki Eyl\u00fcl Anomalileri ve Mevsimsel Trendler<\/a><\/li>\n<li><a href=\"#merkez-bankalar\u0131n\u0131n-s\u0131k\u0131-para-politikas\u0131-ve-likidite-daralmas\u0131\">Merkez Bankalar\u0131n\u0131n S\u0131k\u0131 Para Politikas\u0131 ve Likidite Daralmas\u0131<\/a><\/li>\n<li><a href=\"#yat\u0131r\u0131mc\u0131-psikolojisi-ve-portf\u00f6y-stratejilerindeki-de\u011fi\u015fimler\">Yat\u0131r\u0131mc\u0131 Psikolojisi ve Portf\u00f6y Stratejilerindeki De\u011fi\u015fimler<\/a><\/li>\n<li><a href=\"#yat\u0131r\u0131mc\u0131lar-merkez-bankalar\u0131n\u0131n-kararlar\u0131n\u0131-bekliyor\">Yat\u0131r\u0131mc\u0131lar Merkez Bankalar\u0131n\u0131n Kararlar\u0131n\u0131 Bekliyor<\/a><\/li>\n<\/ul>\n<\/nav>\n<h2 id=\"eyl\u00fcl-ay\u0131na-negatif-ba\u015flang\u0131\u00e7-wall-street-ve-avrupa-da-son-durum\">Eyl\u00fcl Ay\u0131na Negatif Ba\u015flang\u0131\u00e7: Wall Street ve Avrupa&#8217;da Son Durum<\/h2>\n<p>Eyl\u00fcl ay\u0131n\u0131n ilk i\u015flem seans\u0131nda ABD endeksleri ve Avrupa&#8217;n\u0131n \u00f6nde gelen borsa merkezleri seansa sat\u0131\u015f a\u011f\u0131rl\u0131kl\u0131 bir g\u00f6r\u00fcn\u00fcmle girdi. <strong>Borsalarda teknoloji hisseleri d\u00fc\u015f\u00fc\u015f<\/strong> dalgas\u0131ndan en \u00e7ok etkilenen segmentlerin ba\u015f\u0131nda gelirken, yat\u0131r\u0131mc\u0131lar riskli varl\u0131klardan h\u0131zla \u00e7\u0131k\u0131\u015f yapmay\u0131 tercih etti. Piyasalardaki bu ani dalgalanma, yaz aylar\u0131ndaki sakin seyrin yerini y\u00fcksek volatiliteye b\u0131rakt\u0131\u011f\u0131n\u0131 g\u00f6sterdi.<\/p>\n<h2 id=\"d\u00fc\u015f\u00fc\u015f\u00fcn-arkas\u0131ndaki-temel-nedenler\">D\u00fc\u015f\u00fc\u015f\u00fcn Arkas\u0131ndaki Temel Nedenler<\/h2>\n<p>Piyasalardaki bu sert geri \u00e7ekilmenin tek bir nedene dayanmad\u0131\u011f\u0131, aksine birden fazla k\u00fcresel fakt\u00f6r\u00fcn ayn\u0131 anda devreye girdi\u011fi g\u00f6r\u00fcl\u00fcyor. \u00d6zellikle enerji maliyetleri ve para politikas\u0131 eksenindeki belirsizlikler, hisse senetleri \u00fczerindeki bask\u0131y\u0131 art\u0131r\u0131yor.<\/p>\n<h3 id=\"orta-do\u011fu-daki-jeopolitik-riskler-ve-enerji-fiyatlar\u0131\">Orta Do\u011fu&#8217;daki Jeopolitik Riskler ve Enerji Fiyatlar\u0131<\/h3>\n<p>K\u00fcresel risk i\u015ftah\u0131n\u0131 do\u011frudan bask\u0131layan unsurlar\u0131n ba\u015f\u0131nda Orta Do\u011fu&#8217;daki hareketlilik geliyor. B\u00f6lgede artan tansiyon, do\u011frudan enerji arz\u0131 ve petrol fiyatlar\u0131 \u00fczerinde yukar\u0131 y\u00f6nl\u00fc bask\u0131 olu\u015fturuyor. Enerji maliyetlerindeki art\u0131\u015f, \u015firketlerin operasyonel maliyetlerini y\u00fckseltirken, k\u00fcresel ekonomide maliyet enflasyonu endi\u015felerini yeniden k\u00f6r\u00fckl\u00fcyor.<\/p>\n<h3 id=\"tahvil-getirileri-ve-enflasyon-beklentileri\">Tahvil Getirileri ve Enflasyon Beklentileri<\/h3>\n<p>Enerji fiyatlar\u0131ndaki dalgalanmalar\u0131n enflasyonu yeniden tetikleyebilece\u011fi endi\u015fesi, tahvil piyasalar\u0131nda da hareketlili\u011fe neden oldu. Tahvil getirilerindeki yukar\u0131 y\u00f6nl\u00fc hareket, hisse senetlerine olan alternatif maliyeti art\u0131rarak borsalardaki sat\u0131\u015f dalgas\u0131n\u0131 h\u0131zland\u0131ran ana unsurlardan biri olarak \u00f6ne \u00e7\u0131kt\u0131.<\/p>\n<h2 id=\"ge\u00e7mi\u015f-y\u0131llardaki-eyl\u00fcl-anomalileri-ve-mevsimsel-trendler\">Ge\u00e7mi\u015f Y\u0131llardaki Eyl\u00fcl Anomalileri ve Mevsimsel Trendler<\/h2>\n<p>Finans tarihi literat\u00fcr\u00fcnde s\u0131kl\u0131kla ele al\u0131nan ve &#8220;Eyl\u00fcl Etkisi&#8221; olarak bilinen mevsimsel anomali, borsalar \u00fczerinde uzun y\u0131llard\u0131r psikolojik bir bask\u0131 unsuru olmaya devam etmektedir. Tarihsel veriler incelendi\u011finde, eyl\u00fcl aylar\u0131n\u0131n k\u00fcresel hisse senedi piyasalar\u0131 a\u00e7\u0131s\u0131ndan genellikle y\u0131l\u0131n en zay\u0131f performans g\u00f6steren d\u00f6nemlerinden biri oldu\u011fu g\u00f6r\u00fclmektedir. Tatil sezonunun sona ermesi, fon y\u00f6neticilerinin portf\u00f6ylerini y\u0131l sonu kapan\u0131\u015flar\u0131 \u00f6ncesinde yeniden dengeleme \u00e7abalar\u0131 ve kurumsal yat\u0131r\u0131mc\u0131lar\u0131n risk i\u015ftah\u0131ndaki d\u00f6nemsel daralmalar bu durumu tetikleyen temel dinamikler aras\u0131nda yer al\u0131r. Bu y\u0131l da benzer bir mevsimsel d\u00f6ng\u00fcn\u00fcn tetiklenmesi, teknik analiz seanslar\u0131nda sat\u0131\u015f emirlerinin h\u0131z kazanmas\u0131nda etkili olmu\u015ftur.<\/p>\n<h2 id=\"merkez-bankalar\u0131n\u0131n-s\u0131k\u0131-para-politikas\u0131-ve-likidite-daralmas\u0131\">Merkez Bankalar\u0131n\u0131n S\u0131k\u0131 Para Politikas\u0131 ve Likidite Daralmas\u0131<\/h2>\n<p>Enflasyonla m\u00fccadele s\u00fcrecinde sona yakla\u015f\u0131l\u0131rken ya da faiz oranlar\u0131n\u0131n uzun s\u00fcre y\u00fcksek sevide (higher for longer) kalaca\u011f\u0131na dair sinyaller g\u00fc\u00e7lenirken, k\u00fcresel likidite ko\u015fullar\u0131 da s\u0131k\u0131la\u015fmaya devam etmektedir. Merkez bankalar\u0131n\u0131n bilan\u00e7o k\u00fc\u00e7\u00fcltme operasyonlar\u0131, piyasadaki serbest nakit ak\u0131\u015f\u0131n\u0131 daraltmakta ve \u00f6zellikle y\u00fcksek bor\u00e7lulu\u011fa sahip ya da gelecekteki nakit ak\u0131\u015flar\u0131na de\u011fer bi\u00e7ilen b\u00fcy\u00fcme odakl\u0131 teknoloji \u015firketlerini bask\u0131 alt\u0131na sokmaktad\u0131r. Yat\u0131r\u0131mc\u0131lar, risksiz getiri sunan tahvil ve mevduat ara\u00e7lar\u0131na y\u00f6nelirken, hisse senedi piyasalar\u0131ndan \u00e7ekilen sermaye borsalardaki genel d\u00fc\u015f\u00fc\u015f trendini beslemektedir.<\/p>\n<h2 id=\"yat\u0131r\u0131mc\u0131-psikolojisi-ve-portf\u00f6y-stratejilerindeki-de\u011fi\u015fimler\">Yat\u0131r\u0131mc\u0131 Psikolojisi ve Portf\u00f6y Stratejilerindeki De\u011fi\u015fimler<\/h2>\n<p>Piyasalarda g\u00f6zlenen bu ani y\u00f6n de\u011fi\u015fimleri, uzun vadeli yat\u0131r\u0131mc\u0131lar\u0131n dahi portf\u00f6y yap\u0131lar\u0131n\u0131 g\u00f6zden ge\u00e7irmesine yol a\u00e7maktad\u0131r. \u00d6zellikle son y\u0131llarda yapay zeka ve \u00e7ip \u00fcretimi gibi temalarla a\u015f\u0131r\u0131 de\u011ferlenen teknoloji devlerinin hisseleri, olas\u0131 bir faiz art\u0131r\u0131m senaryosunda en hassas varl\u0131k gruplar\u0131 aras\u0131nda yer al\u0131yor. Kurumsal fon y\u00f6neticileri, riskten ka\u00e7\u0131nma (risk-off) e\u011filiminin bir gere\u011fi olarak nakit oranlar\u0131n\u0131 art\u0131r\u0131rken, emtia ve g\u00fcvenli liman olarak g\u00f6r\u00fclen enstr\u00fcmanlara y\u00f6nelmeye devam ediyor. Bu durum, piyasalardaki likidite ak\u0131\u015f\u0131n\u0131n y\u00f6n\u00fcn\u00fc de\u011fi\u015ftirerek borsalardaki sat\u0131\u015f bask\u0131s\u0131n\u0131 daha da derinle\u015ftiren bir kataliz\u00f6r i\u015flevi g\u00f6rmektedir.<\/p>\n<h2 id=\"yat\u0131r\u0131mc\u0131lar-merkez-bankalar\u0131n\u0131n-kararlar\u0131n\u0131-bekliyor\">Yat\u0131r\u0131mc\u0131lar Merkez Bankalar\u0131n\u0131n Kararlar\u0131n\u0131 Bekliyor<\/h2>\n<p>Ya\u015fanan bu geli\u015fmelerin ard\u0131ndan piyasalar\u0131n odak noktas\u0131 tamamen merkez bankalar\u0131n\u0131n ataca\u011f\u0131 ad\u0131mlara \u00e7evrildi. Enflasyonla m\u00fccadele s\u00fcrecinde faiz oranlar\u0131n\u0131n seyrine ili\u015fkin belirsizlikler, yat\u0131r\u0131mc\u0131lar\u0131n temkinli duru\u015funu g\u00fc\u00e7lendiriyor. Piyasalar, merkez bankas\u0131 yetkililerinin yapaca\u011f\u0131 a\u00e7\u0131klamalar\u0131 ve gelecek ekonomik verileri yak\u0131ndan takip etmeyi s\u00fcrd\u00fcr\u00fcyor.<\/p>\n<p><script type=\"application\/ld+json\">{\"@context\": \"https:\/\/schema.org\", \"@type\": \"NewsArticle\", \"headline\": \"Eyl\u00fcl ay\u0131nda ABD ve Avrupa borsalar\u0131nda sert d\u00fc\u015f\u00fc\u015f\", \"description\": \"Eyl\u00fcl ay\u0131n\u0131n ilk i\u015flem g\u00fcn\u00fcnde Wall Street ve Avrupa borsalar\u0131nda ya\u015fanan sert d\u00fc\u015f\u00fc\u015flerin nedenlerini, jeopolitik riskler ve enflasyon ekseninde inceleyin.\", \"inLanguage\": \"tr\", \"mainEntityOfPage\": {\"@type\": \"WebPage\", \"@id\": \"https:\/\/turkblogs.com\/tr\/eylul-ayi-borsa-dususleri\/\"}, \"datePublished\": \"2026-09-02T11:13:41\", \"dateModified\": \"2026-09-02T11:13:41\", \"publisher\": {\"@type\": \"Organization\", \"name\": \"Turk Blogs\", \"url\": \"https:\/\/turkblogs.com\", \"logo\": {\"@type\": \"ImageObject\", \"url\": \"https:\/\/turkblogs.com\/wp-content\/uploads\/2023\/11\/tr-blogo-logo-png.png\"}, \"sameAs\": [\"https:\/\/www.facebook.com\/profile.php?id=61554105234628\", \"https:\/\/www.instagram.com\/turkblogs\/\", \"https:\/\/twitter.com\/turkblogs\", \"https:\/\/www.youtube.com\/channel\/UCUvClZgrOsk5EftH9UalIIw\"]}, \"image\": [\"https:\/\/turkblogs.com\/wp-content\/uploads\/2026\/09\/us-european-stocks-decline-september.webp\"]}<\/script><br \/>\n<script type=\"application\/ld+json\">{\"@context\": \"https:\/\/schema.org\", \"@type\": \"FAQPage\", \"mainEntity\": [{\"@type\": \"Question\", \"name\": \"Amerika ve Avrupa borsalar\u0131 neden d\u00fc\u015ft\u00fc?\", \"acceptedAnswer\": {\"@type\": \"Answer\", \"text\": \"ABD ve Avrupa borsalar\u0131ndaki d\u00fc\u015f\u00fc\u015fler; Orta Do\u011fu'daki jeopolitik risklerin enerji fiyatlar\u0131n\u0131 art\u0131rmas\u0131, tahvil getirilerinin y\u00fckselmesi ve merkez bankalar\u0131n\u0131n faiz politikalar\u0131na dair belirsizliklerden kaynaklanmaktad\u0131r.\"}}, {\"@type\": \"Question\", \"name\": \"Eyl\u00fcl ay\u0131nda borsalar neden d\u00fc\u015f\u00fc\u015fle a\u00e7\u0131ld\u0131?\", \"acceptedAnswer\": {\"@type\": \"Answer\", \"text\": \"Piyasalar eyl\u00fcl ay\u0131na, teknoloji hisselerindeki sat\u0131\u015f bask\u0131s\u0131, artan enflasyon beklentileri ve k\u00fcresel ekonomik riskler nedeniyle negatif bir ba\u015flang\u0131\u00e7 yapm\u0131\u015ft\u0131r.\"}}]}<\/script><\/p>\n","protected":false},"excerpt":{"rendered":"<p>K\u00fcresel piyasalar Eyl\u00fcl ay\u0131na geni\u015f \u00e7apl\u0131 d\u00fc\u015f\u00fc\u015flerle ba\u015flad\u0131. ABD ve Avrupa borsalar\u0131ndaki bu hareketlili\u011fin arkas\u0131nda jeopolitik gerilimler ve faiz beklentileri yer al\u0131yor.<\/p>\n","protected":false},"author":1,"featured_media":17375,"comment_status":"open","ping_status":"open","sticky":false,"template":"","format":"standard","meta":{"footnotes":""},"categories":[67],"tags":[],"class_list":{"0":"post-17382","1":"post","2":"type-post","3":"status-publish","4":"format-standard","5":"has-post-thumbnail","7":"category-politika-ve-ekonomi"},"wpml_debug":"{\"has_action_before\":\"yes\",\"lang\":null,\"translation_of\":null,\"skipped\":\"no_lang_param\"}","yoast_head":"<!-- This site is optimized with the Yoast SEO plugin v28.2 - https:\/\/yoast.com\/product\/yoast-seo-wordpress\/ -->\n<title>Eyl\u00fcl Ay\u0131nda ABD ve Avrupa Borsalar\u0131nda Sert D\u00fc\u015f\u00fc\u015f<\/title>\n<meta name=\"description\" content=\"Eyl\u00fcl ay\u0131n\u0131n ilk i\u015flem g\u00fcn\u00fcnde Wall Street ve Avrupa borsalar\u0131nda ya\u015fanan sert d\u00fc\u015f\u00fc\u015flerin nedenlerini, jeopolitik riskler ve enflasyon ekseninde inceleyin.\" \/>\n<meta name=\"robots\" content=\"index, follow, max-snippet:-1, max-image-preview:large, max-video-preview:-1\" \/>\n<link rel=\"canonical\" href=\"https:\/\/turkblogs.com\/tr\/eylul-ayi-borsa-dususleri\/\" \/>\n<meta property=\"og:locale\" content=\"tr_TR\" \/>\n<meta property=\"og:type\" content=\"article\" \/>\n<meta property=\"og:title\" content=\"Eyl\u00fcl Ay\u0131nda ABD ve Avrupa Borsalar\u0131nda Sert D\u00fc\u015f\u00fc\u015f\" \/>\n<meta property=\"og:description\" content=\"Eyl\u00fcl ay\u0131n\u0131n ilk i\u015flem g\u00fcn\u00fcnde Wall Street ve Avrupa borsalar\u0131nda ya\u015fanan sert d\u00fc\u015f\u00fc\u015flerin nedenlerini, jeopolitik riskler ve enflasyon ekseninde inceleyin.\" \/>\n<meta property=\"og:url\" content=\"https:\/\/turkblogs.com\/tr\/eylul-ayi-borsa-dususleri\/\" \/>\n<meta property=\"og:site_name\" content=\"Turk Blogs\" \/>\n<meta property=\"article:publisher\" content=\"https:\/\/www.facebook.com\/profile.php?id=61554105234628\" \/>\n<meta property=\"article:published_time\" content=\"2026-09-02T11:12:49+00:00\" \/>\n<meta property=\"article:modified_time\" content=\"2026-09-02T11:13:42+00:00\" \/>\n<meta property=\"og:image\" content=\"https:\/\/turkblogs.com\/wp-content\/uploads\/2026\/09\/us-european-stocks-decline-september.webp\" \/>\n\t<meta property=\"og:image:width\" content=\"1408\" \/>\n\t<meta property=\"og:image:height\" content=\"768\" \/>\n\t<meta property=\"og:image:type\" content=\"image\/webp\" \/>\n<meta name=\"author\" content=\"Bedir KAYA\" \/>\n<meta name=\"twitter:card\" content=\"summary_large_image\" \/>\n<meta name=\"twitter:creator\" content=\"@turkblogs\" \/>\n<meta name=\"twitter:site\" content=\"@turkblogs\" \/>\n<meta name=\"twitter:label1\" content=\"Yazan:\" \/>\n\t<meta name=\"twitter:data1\" content=\"Bedir KAYA\" \/>\n\t<meta name=\"twitter:label2\" content=\"Tahmini okuma s\u00fcresi\" \/>\n\t<meta name=\"twitter:data2\" content=\"5 dakika\" \/>\n<script type=\"application\/ld+json\" class=\"yoast-schema-graph\">{\"@context\":\"https:\\\/\\\/schema.org\",\"@graph\":[{\"@type\":\"Article\",\"@id\":\"https:\\\/\\\/turkblogs.com\\\/tr\\\/eylul-ayi-borsa-dususleri\\\/#article\",\"isPartOf\":{\"@id\":\"https:\\\/\\\/turkblogs.com\\\/tr\\\/eylul-ayi-borsa-dususleri\\\/\"},\"author\":{\"name\":\"Bedir KAYA\",\"@id\":\"https:\\\/\\\/turkblogs.com\\\/tr\\\/#\\\/schema\\\/person\\\/c80e947f9053fd02278fab3e1aa4adb9\"},\"headline\":\"Eyl\u00fcl ay\u0131nda ABD ve Avrupa borsalar\u0131nda sert d\u00fc\u015f\u00fc\u015f\",\"datePublished\":\"2026-09-02T11:12:49+00:00\",\"dateModified\":\"2026-09-02T11:13:42+00:00\",\"mainEntityOfPage\":{\"@id\":\"https:\\\/\\\/turkblogs.com\\\/tr\\\/eylul-ayi-borsa-dususleri\\\/\"},\"wordCount\":995,\"commentCount\":0,\"publisher\":{\"@id\":\"https:\\\/\\\/turkblogs.com\\\/tr\\\/#organization\"},\"image\":{\"@id\":\"https:\\\/\\\/turkblogs.com\\\/tr\\\/eylul-ayi-borsa-dususleri\\\/#primaryimage\"},\"thumbnailUrl\":\"https:\\\/\\\/turkblogs.com\\\/wp-content\\\/uploads\\\/2026\\\/09\\\/us-european-stocks-decline-september.webp\",\"articleSection\":[\"Ekonomi\"],\"inLanguage\":\"tr\",\"potentialAction\":[{\"@type\":\"CommentAction\",\"name\":\"Comment\",\"target\":[\"https:\\\/\\\/turkblogs.com\\\/tr\\\/eylul-ayi-borsa-dususleri\\\/#respond\"]}]},{\"@type\":\"WebPage\",\"@id\":\"https:\\\/\\\/turkblogs.com\\\/tr\\\/eylul-ayi-borsa-dususleri\\\/\",\"url\":\"https:\\\/\\\/turkblogs.com\\\/tr\\\/eylul-ayi-borsa-dususleri\\\/\",\"name\":\"Eyl\u00fcl Ay\u0131nda ABD ve Avrupa Borsalar\u0131nda Sert D\u00fc\u015f\u00fc\u015f\",\"isPartOf\":{\"@id\":\"https:\\\/\\\/turkblogs.com\\\/tr\\\/#website\"},\"primaryImageOfPage\":{\"@id\":\"https:\\\/\\\/turkblogs.com\\\/tr\\\/eylul-ayi-borsa-dususleri\\\/#primaryimage\"},\"image\":{\"@id\":\"https:\\\/\\\/turkblogs.com\\\/tr\\\/eylul-ayi-borsa-dususleri\\\/#primaryimage\"},\"thumbnailUrl\":\"https:\\\/\\\/turkblogs.com\\\/wp-content\\\/uploads\\\/2026\\\/09\\\/us-european-stocks-decline-september.webp\",\"datePublished\":\"2026-09-02T11:12:49+00:00\",\"dateModified\":\"2026-09-02T11:13:42+00:00\",\"description\":\"Eyl\u00fcl ay\u0131n\u0131n ilk i\u015flem g\u00fcn\u00fcnde Wall Street ve Avrupa borsalar\u0131nda ya\u015fanan sert d\u00fc\u015f\u00fc\u015flerin nedenlerini, jeopolitik riskler ve enflasyon ekseninde inceleyin.\",\"breadcrumb\":{\"@id\":\"https:\\\/\\\/turkblogs.com\\\/tr\\\/eylul-ayi-borsa-dususleri\\\/#breadcrumb\"},\"inLanguage\":\"tr\",\"potentialAction\":[{\"@type\":\"ReadAction\",\"target\":[\"https:\\\/\\\/turkblogs.com\\\/tr\\\/eylul-ayi-borsa-dususleri\\\/\"]}]},{\"@type\":\"ImageObject\",\"inLanguage\":\"tr\",\"@id\":\"https:\\\/\\\/turkblogs.com\\\/tr\\\/eylul-ayi-borsa-dususleri\\\/#primaryimage\",\"url\":\"https:\\\/\\\/turkblogs.com\\\/wp-content\\\/uploads\\\/2026\\\/09\\\/us-european-stocks-decline-september.webp\",\"contentUrl\":\"https:\\\/\\\/turkblogs.com\\\/wp-content\\\/uploads\\\/2026\\\/09\\\/us-european-stocks-decline-september.webp\",\"width\":1408,\"height\":768,\"caption\":\"\u0634\u0627\u0634\u0627\u062a \u062a\u062f\u0627\u0648\u0644 \u0645\u0627\u0644\u064a\u0629 \u062a\u0639\u0631\u0636 \u0627\u0646\u062e\u0641\u0627\u0636 \u0645\u0624\u0634\u0631\u0627\u062a \u0627\u0644\u0623\u0633\u0647\u0645 \u0648\u062a\u0631\u0627\u062c\u0639 \u0627\u0644\u0623\u0633\u0648\u0627\u0642 \u0627\u0644\u0623\u0645\u0631\u064a\u0643\u064a\u0629 \u0648\u0627\u0644\u0623\u0648\u0631\u0648\u0628\u064a\u0629 \u0641\u064a \u0628\u062f\u0627\u064a\u0629 \u0633\u0628\u062a\u0645\u0628\u0631\"},{\"@type\":\"BreadcrumbList\",\"@id\":\"https:\\\/\\\/turkblogs.com\\\/tr\\\/eylul-ayi-borsa-dususleri\\\/#breadcrumb\",\"itemListElement\":[{\"@type\":\"ListItem\",\"position\":1,\"name\":\"\u0627\u0644\u0631\u0626\u064a\u0633\u064a\u0629\",\"item\":\"https:\\\/\\\/turkblogs.com\\\/tr\\\/\"},{\"@type\":\"ListItem\",\"position\":2,\"name\":\"Eyl\u00fcl ay\u0131nda ABD ve Avrupa borsalar\u0131nda sert d\u00fc\u015f\u00fc\u015f\"}]},{\"@type\":\"WebSite\",\"@id\":\"https:\\\/\\\/turkblogs.com\\\/tr\\\/#website\",\"url\":\"https:\\\/\\\/turkblogs.com\\\/tr\\\/\",\"name\":\"Turk Blogs\",\"description\":\"Stay informed with Turk Blogs \u2013 your source for the latest news and insights on Turkey and\u00a0global\u00a0events.\",\"publisher\":{\"@id\":\"https:\\\/\\\/turkblogs.com\\\/tr\\\/#organization\"},\"potentialAction\":[{\"@type\":\"SearchAction\",\"target\":{\"@type\":\"EntryPoint\",\"urlTemplate\":\"https:\\\/\\\/turkblogs.com\\\/tr\\\/?s={search_term_string}\"},\"query-input\":{\"@type\":\"PropertyValueSpecification\",\"valueRequired\":true,\"valueName\":\"search_term_string\"}}],\"inLanguage\":\"tr\"},{\"@type\":\"Organization\",\"@id\":\"https:\\\/\\\/turkblogs.com\\\/tr\\\/#organization\",\"name\":\"Turk Blogs\",\"url\":\"https:\\\/\\\/turkblogs.com\\\/tr\\\/\",\"logo\":{\"@type\":\"ImageObject\",\"inLanguage\":\"tr\",\"@id\":\"https:\\\/\\\/turkblogs.com\\\/tr\\\/#\\\/schema\\\/logo\\\/image\\\/\",\"url\":\"https:\\\/\\\/turkblogs.com\\\/wp-content\\\/uploads\\\/2023\\\/11\\\/tr-blogo-logo-icon.png\",\"contentUrl\":\"https:\\\/\\\/turkblogs.com\\\/wp-content\\\/uploads\\\/2023\\\/11\\\/tr-blogo-logo-icon.png\",\"width\":100,\"height\":100,\"caption\":\"Turk Blogs\"},\"image\":{\"@id\":\"https:\\\/\\\/turkblogs.com\\\/tr\\\/#\\\/schema\\\/logo\\\/image\\\/\"},\"sameAs\":[\"https:\\\/\\\/www.facebook.com\\\/profile.php?id=61554105234628\",\"https:\\\/\\\/x.com\\\/turkblogs\"]},{\"@type\":\"Person\",\"@id\":\"https:\\\/\\\/turkblogs.com\\\/tr\\\/#\\\/schema\\\/person\\\/c80e947f9053fd02278fab3e1aa4adb9\",\"name\":\"Bedir KAYA\",\"image\":{\"@type\":\"ImageObject\",\"inLanguage\":\"tr\",\"@id\":\"https:\\\/\\\/secure.gravatar.com\\\/avatar\\\/6fc6aa9fc4b8c21f6622cf94889a482227ef0c6018e0d0fa080dba904dd8b55d?s=96&d=mm&r=g\",\"url\":\"https:\\\/\\\/secure.gravatar.com\\\/avatar\\\/6fc6aa9fc4b8c21f6622cf94889a482227ef0c6018e0d0fa080dba904dd8b55d?s=96&d=mm&r=g\",\"contentUrl\":\"https:\\\/\\\/secure.gravatar.com\\\/avatar\\\/6fc6aa9fc4b8c21f6622cf94889a482227ef0c6018e0d0fa080dba904dd8b55d?s=96&d=mm&r=g\",\"caption\":\"Bedir KAYA\"},\"sameAs\":[\"https:\\\/\\\/turkblogs.com\"],\"url\":\"https:\\\/\\\/turkblogs.com\\\/tr\\\/author\\\/invest55332\\\/\"}]}<\/script>\n<!-- \/ Yoast SEO plugin. -->","yoast_head_json":{"title":"Eyl\u00fcl Ay\u0131nda ABD ve Avrupa Borsalar\u0131nda Sert D\u00fc\u015f\u00fc\u015f","description":"Eyl\u00fcl ay\u0131n\u0131n ilk i\u015flem g\u00fcn\u00fcnde Wall Street ve Avrupa borsalar\u0131nda ya\u015fanan sert d\u00fc\u015f\u00fc\u015flerin nedenlerini, jeopolitik riskler ve enflasyon ekseninde inceleyin.","robots":{"index":"index","follow":"follow","max-snippet":"max-snippet:-1","max-image-preview":"max-image-preview:large","max-video-preview":"max-video-preview:-1"},"canonical":"https:\/\/turkblogs.com\/tr\/eylul-ayi-borsa-dususleri\/","og_locale":"tr_TR","og_type":"article","og_title":"Eyl\u00fcl Ay\u0131nda ABD ve Avrupa Borsalar\u0131nda Sert D\u00fc\u015f\u00fc\u015f","og_description":"Eyl\u00fcl ay\u0131n\u0131n ilk i\u015flem g\u00fcn\u00fcnde Wall Street ve Avrupa borsalar\u0131nda ya\u015fanan sert d\u00fc\u015f\u00fc\u015flerin nedenlerini, jeopolitik riskler ve enflasyon ekseninde inceleyin.","og_url":"https:\/\/turkblogs.com\/tr\/eylul-ayi-borsa-dususleri\/","og_site_name":"Turk Blogs","article_publisher":"https:\/\/www.facebook.com\/profile.php?id=61554105234628","article_published_time":"2026-09-02T11:12:49+00:00","article_modified_time":"2026-09-02T11:13:42+00:00","og_image":[{"width":1408,"height":768,"url":"https:\/\/turkblogs.com\/wp-content\/uploads\/2026\/09\/us-european-stocks-decline-september.webp","type":"image\/webp"}],"author":"Bedir KAYA","twitter_card":"summary_large_image","twitter_creator":"@turkblogs","twitter_site":"@turkblogs","twitter_misc":{"Yazan:":"Bedir KAYA","Tahmini okuma s\u00fcresi":"5 dakika"},"schema":{"@context":"https:\/\/schema.org","@graph":[{"@type":"Article","@id":"https:\/\/turkblogs.com\/tr\/eylul-ayi-borsa-dususleri\/#article","isPartOf":{"@id":"https:\/\/turkblogs.com\/tr\/eylul-ayi-borsa-dususleri\/"},"author":{"name":"Bedir KAYA","@id":"https:\/\/turkblogs.com\/tr\/#\/schema\/person\/c80e947f9053fd02278fab3e1aa4adb9"},"headline":"Eyl\u00fcl ay\u0131nda ABD ve Avrupa borsalar\u0131nda sert d\u00fc\u015f\u00fc\u015f","datePublished":"2026-09-02T11:12:49+00:00","dateModified":"2026-09-02T11:13:42+00:00","mainEntityOfPage":{"@id":"https:\/\/turkblogs.com\/tr\/eylul-ayi-borsa-dususleri\/"},"wordCount":995,"commentCount":0,"publisher":{"@id":"https:\/\/turkblogs.com\/tr\/#organization"},"image":{"@id":"https:\/\/turkblogs.com\/tr\/eylul-ayi-borsa-dususleri\/#primaryimage"},"thumbnailUrl":"https:\/\/turkblogs.com\/wp-content\/uploads\/2026\/09\/us-european-stocks-decline-september.webp","articleSection":["Ekonomi"],"inLanguage":"tr","potentialAction":[{"@type":"CommentAction","name":"Comment","target":["https:\/\/turkblogs.com\/tr\/eylul-ayi-borsa-dususleri\/#respond"]}]},{"@type":"WebPage","@id":"https:\/\/turkblogs.com\/tr\/eylul-ayi-borsa-dususleri\/","url":"https:\/\/turkblogs.com\/tr\/eylul-ayi-borsa-dususleri\/","name":"Eyl\u00fcl Ay\u0131nda ABD ve Avrupa Borsalar\u0131nda Sert D\u00fc\u015f\u00fc\u015f","isPartOf":{"@id":"https:\/\/turkblogs.com\/tr\/#website"},"primaryImageOfPage":{"@id":"https:\/\/turkblogs.com\/tr\/eylul-ayi-borsa-dususleri\/#primaryimage"},"image":{"@id":"https:\/\/turkblogs.com\/tr\/eylul-ayi-borsa-dususleri\/#primaryimage"},"thumbnailUrl":"https:\/\/turkblogs.com\/wp-content\/uploads\/2026\/09\/us-european-stocks-decline-september.webp","datePublished":"2026-09-02T11:12:49+00:00","dateModified":"2026-09-02T11:13:42+00:00","description":"Eyl\u00fcl ay\u0131n\u0131n ilk i\u015flem g\u00fcn\u00fcnde Wall Street ve Avrupa borsalar\u0131nda ya\u015fanan sert d\u00fc\u015f\u00fc\u015flerin nedenlerini, jeopolitik riskler ve enflasyon ekseninde inceleyin.","breadcrumb":{"@id":"https:\/\/turkblogs.com\/tr\/eylul-ayi-borsa-dususleri\/#breadcrumb"},"inLanguage":"tr","potentialAction":[{"@type":"ReadAction","target":["https:\/\/turkblogs.com\/tr\/eylul-ayi-borsa-dususleri\/"]}]},{"@type":"ImageObject","inLanguage":"tr","@id":"https:\/\/turkblogs.com\/tr\/eylul-ayi-borsa-dususleri\/#primaryimage","url":"https:\/\/turkblogs.com\/wp-content\/uploads\/2026\/09\/us-european-stocks-decline-september.webp","contentUrl":"https:\/\/turkblogs.com\/wp-content\/uploads\/2026\/09\/us-european-stocks-decline-september.webp","width":1408,"height":768,"caption":"\u0634\u0627\u0634\u0627\u062a \u062a\u062f\u0627\u0648\u0644 \u0645\u0627\u0644\u064a\u0629 \u062a\u0639\u0631\u0636 \u0627\u0646\u062e\u0641\u0627\u0636 \u0645\u0624\u0634\u0631\u0627\u062a \u0627\u0644\u0623\u0633\u0647\u0645 \u0648\u062a\u0631\u0627\u062c\u0639 \u0627\u0644\u0623\u0633\u0648\u0627\u0642 \u0627\u0644\u0623\u0645\u0631\u064a\u0643\u064a\u0629 \u0648\u0627\u0644\u0623\u0648\u0631\u0648\u0628\u064a\u0629 \u0641\u064a \u0628\u062f\u0627\u064a\u0629 \u0633\u0628\u062a\u0645\u0628\u0631"},{"@type":"BreadcrumbList","@id":"https:\/\/turkblogs.com\/tr\/eylul-ayi-borsa-dususleri\/#breadcrumb","itemListElement":[{"@type":"ListItem","position":1,"name":"\u0627\u0644\u0631\u0626\u064a\u0633\u064a\u0629","item":"https:\/\/turkblogs.com\/tr\/"},{"@type":"ListItem","position":2,"name":"Eyl\u00fcl ay\u0131nda ABD ve Avrupa borsalar\u0131nda sert d\u00fc\u015f\u00fc\u015f"}]},{"@type":"WebSite","@id":"https:\/\/turkblogs.com\/tr\/#website","url":"https:\/\/turkblogs.com\/tr\/","name":"Turk Blogs","description":"Stay informed with Turk Blogs \u2013 your source for the latest news and insights on Turkey and\u00a0global\u00a0events.","publisher":{"@id":"https:\/\/turkblogs.com\/tr\/#organization"},"potentialAction":[{"@type":"SearchAction","target":{"@type":"EntryPoint","urlTemplate":"https:\/\/turkblogs.com\/tr\/?s={search_term_string}"},"query-input":{"@type":"PropertyValueSpecification","valueRequired":true,"valueName":"search_term_string"}}],"inLanguage":"tr"},{"@type":"Organization","@id":"https:\/\/turkblogs.com\/tr\/#organization","name":"Turk Blogs","url":"https:\/\/turkblogs.com\/tr\/","logo":{"@type":"ImageObject","inLanguage":"tr","@id":"https:\/\/turkblogs.com\/tr\/#\/schema\/logo\/image\/","url":"https:\/\/turkblogs.com\/wp-content\/uploads\/2023\/11\/tr-blogo-logo-icon.png","contentUrl":"https:\/\/turkblogs.com\/wp-content\/uploads\/2023\/11\/tr-blogo-logo-icon.png","width":100,"height":100,"caption":"Turk Blogs"},"image":{"@id":"https:\/\/turkblogs.com\/tr\/#\/schema\/logo\/image\/"},"sameAs":["https:\/\/www.facebook.com\/profile.php?id=61554105234628","https:\/\/x.com\/turkblogs"]},{"@type":"Person","@id":"https:\/\/turkblogs.com\/tr\/#\/schema\/person\/c80e947f9053fd02278fab3e1aa4adb9","name":"Bedir KAYA","image":{"@type":"ImageObject","inLanguage":"tr","@id":"https:\/\/secure.gravatar.com\/avatar\/6fc6aa9fc4b8c21f6622cf94889a482227ef0c6018e0d0fa080dba904dd8b55d?s=96&d=mm&r=g","url":"https:\/\/secure.gravatar.com\/avatar\/6fc6aa9fc4b8c21f6622cf94889a482227ef0c6018e0d0fa080dba904dd8b55d?s=96&d=mm&r=g","contentUrl":"https:\/\/secure.gravatar.com\/avatar\/6fc6aa9fc4b8c21f6622cf94889a482227ef0c6018e0d0fa080dba904dd8b55d?s=96&d=mm&r=g","caption":"Bedir KAYA"},"sameAs":["https:\/\/turkblogs.com"],"url":"https:\/\/turkblogs.com\/tr\/author\/invest55332\/"}]}},"_links":{"self":[{"href":"https:\/\/turkblogs.com\/tr\/wp-json\/wp\/v2\/posts\/17382","targetHints":{"allow":["GET"]}}],"collection":[{"href":"https:\/\/turkblogs.com\/tr\/wp-json\/wp\/v2\/posts"}],"about":[{"href":"https:\/\/turkblogs.com\/tr\/wp-json\/wp\/v2\/types\/post"}],"author":[{"embeddable":true,"href":"https:\/\/turkblogs.com\/tr\/wp-json\/wp\/v2\/users\/1"}],"replies":[{"embeddable":true,"href":"https:\/\/turkblogs.com\/tr\/wp-json\/wp\/v2\/comments?post=17382"}],"version-history":[{"count":1,"href":"https:\/\/turkblogs.com\/tr\/wp-json\/wp\/v2\/posts\/17382\/revisions"}],"predecessor-version":[{"id":17383,"href":"https:\/\/turkblogs.com\/tr\/wp-json\/wp\/v2\/posts\/17382\/revisions\/17383"}],"wp:featuredmedia":[{"embeddable":true,"href":"https:\/\/turkblogs.com\/tr\/wp-json\/wp\/v2\/media\/17375"}],"wp:attachment":[{"href":"https:\/\/turkblogs.com\/tr\/wp-json\/wp\/v2\/media?parent=17382"}],"wp:term":[{"taxonomy":"category","embeddable":true,"href":"https:\/\/turkblogs.com\/tr\/wp-json\/wp\/v2\/categories?post=17382"},{"taxonomy":"post_tag","embeddable":true,"href":"https:\/\/turkblogs.com\/tr\/wp-json\/wp\/v2\/tags?post=17382"}],"curies":[{"name":"wp","href":"https:\/\/api.w.org\/{rel}","templated":true}]}}