{"id":16539,"date":"2024-12-25T12:36:43","date_gmt":"2024-12-25T12:36:43","guid":{"rendered":"https:\/\/turkblogs.com\/?p=16539"},"modified":"2024-12-25T12:36:44","modified_gmt":"2024-12-25T12:36:44","slug":"kolera-gunlerinde-ask-kitap-ozeti","status":"publish","type":"post","link":"https:\/\/turkblogs.com\/tr\/kolera-gunlerinde-ask-kitap-ozeti\/","title":{"rendered":"Gabriel Garc\u00eda M\u00e1rquez \u2013 Kolera G\u00fcnlerinde A\u015fk Kitap \u00d6zeti"},"content":{"rendered":"\n<p>Gabriel Garc\u00eda M\u00e1rquez\u2019in <em>Kolera G\u00fcnlerinde A\u015fk<\/em> adl\u0131 roman\u0131, a\u015fk\u0131n zamana, toplumsal normlara ve ki\u015fisel de\u011fi\u015fimlere kar\u015f\u0131 koyu\u015funu ele al\u0131r. Hik\u00e2ye, 19. y\u00fczy\u0131l sonlar\u0131 ile 20. y\u00fczy\u0131l\u0131n ba\u015flar\u0131nda Kolombiya\u2019da ge\u00e7er. Ana karakterler Florentino Ariza ve Fermina Daza\u2019n\u0131n birbirlerine duydu\u011fu derin, fakat bir t\u00fcrl\u00fc kavu\u015famayan a\u015fklar\u0131, eserin temelini olu\u015fturur. Roman, yaln\u0131zca bir a\u015fk hik\u00e2yesi de\u011fil, ayn\u0131 zamanda d\u00f6nemin toplumsal, politik ve ekonomik yap\u0131s\u0131n\u0131n bir yans\u0131mas\u0131d\u0131r. Kolera G\u00fcnlerinde A\u015fk \u00f6zet:<\/p>\n\n\n\n<p>Hik\u00e2ye, Fermina Daza\u2019n\u0131n kocas\u0131 olan \u00fcnl\u00fc doktor Juvenal Urbino\u2019nun \u00f6l\u00fcm\u00fcnden sonra ba\u015flar. Florentino Ariza, bu \u00f6l\u00fcm\u00fcn ard\u0131ndan Fermina\u2019ya a\u015fk\u0131n\u0131 bir kez daha itiraf etmek i\u00e7in cesaret bulur. Bu giri\u015f, roman\u0131n geri kalan\u0131nda ge\u00e7mi\u015fe d\u00f6n\u00fc\u015flerle karakterlerin hayatlar\u0131n\u0131 ve ili\u015fkilerini anlat\u0131r.<\/p>\n\n\n\n<h3 class=\"wp-block-heading\" id=\"h-florentino-ve-fermina-nin-ilk-tanismasi\">Florentino ve Fermina\u2019n\u0131n \u0130lk Tan\u0131\u015fmas\u0131<\/h3>\n\n\n\n<p>Gen\u00e7 Florentino Ariza, posta ofisinde \u00e7al\u0131\u015f\u0131rken Fermina Daza\u2019y\u0131 g\u00f6r\u00fcr ve ona \u00e2\u015f\u0131k olur. Fermina, Kolombiya&#8217;n\u0131n k\u00fc\u00e7\u00fck bir kasabas\u0131nda ya\u015fayan bir gen\u00e7 k\u0131zd\u0131r. Florentino, ona mektuplar yazmaya ba\u015flar ve a\u015fk\u0131n\u0131 ifade eder. Fermina, ba\u015fta bu a\u015fk\u0131 kar\u015f\u0131l\u0131ks\u0131z b\u0131raksa da, bir s\u00fcre sonra Florentino\u2019nun mektuplar\u0131na yan\u0131t verir ve aralar\u0131nda bir ba\u011f kurulur. Ancak Fermina\u2019n\u0131n babas\u0131 Lorenzo Daza, bu ili\u015fkiyi \u00f6\u011frenir ve k\u0131z\u0131n\u0131 korumak ad\u0131na Florentino\u2019dan uzakla\u015ft\u0131rmaya \u00e7al\u0131\u015f\u0131r.<\/p>\n\n\n\n<p>Fermina, babas\u0131yla birlikte kasabadan ayr\u0131larak uzak bir \u015fehre ta\u015f\u0131n\u0131r. Florentino, sevgisinin pe\u015finden gider; ancak Fermina, aralar\u0131ndaki ili\u015fkinin ger\u00e7ek a\u015fk olmad\u0131\u011f\u0131n\u0131 fark eder ve Florentino\u2019ya bu ba\u011f\u0131n sona erdi\u011fini bildirir. Bu olay, Florentino i\u00e7in b\u00fcy\u00fck bir y\u0131k\u0131m olur.<\/p>\n\n\n\n<h3 class=\"wp-block-heading\" id=\"h-fermina-nin-evliligi\">Fermina\u2019n\u0131n Evlili\u011fi<\/h3>\n\n\n\n<p>Fermina Daza, ailesinin ve toplumun onaylad\u0131\u011f\u0131, prestijli bir doktor olan Juvenal Urbino ile evlenir. Urbino, modern t\u0131bb\u0131n Kolombiya\u2019da yay\u0131lmas\u0131nda \u00f6nemli bir fig\u00fcrd\u00fcr. Fermina ile evlilikleri, d\u0131\u015far\u0131dan ideal bir birliktelik gibi g\u00f6r\u00fcnse de, arka planda bir\u00e7ok sorun bar\u0131nd\u0131r\u0131r. Juvenal Urbino\u2019nun kibri ve Fermina\u2019n\u0131n ba\u011f\u0131ms\u0131zl\u0131k aray\u0131\u015f\u0131, evliliklerinde \u00e7at\u0131\u015fmalara neden olur. Ancak t\u00fcm bu zorluklara ra\u011fmen, Fermina ve Urbino y\u0131llarca birlikte kal\u0131r.<\/p>\n\n\n\n<h3 class=\"wp-block-heading\" id=\"h-florentino-nun-bekleyisi\">Florentino\u2019nun Bekleyi\u015fi<\/h3>\n\n\n\n<p>Florentino Ariza, Fermina\u2019dan ayr\u0131ld\u0131ktan sonra hayat\u0131n\u0131 onun sevgisini yeniden kazanma umuduyla ge\u00e7irir. Florentino, y\u0131llar boyunca ba\u015fka kad\u0131nlarla ili\u015fkiler ya\u015far; ancak hi\u00e7bir zaman Fermina\u2019ya olan a\u015fk\u0131ndan vazge\u00e7mez. Roman boyunca Florentino\u2019nun 600\u2019den fazla kad\u0131nla ili\u015fkisi oldu\u011fu belirtilir. Bu ili\u015fkiler, onun Fermina\u2019ya olan ba\u011fl\u0131l\u0131\u011f\u0131n\u0131 zedelemez; aksine, onun a\u015fk\u0131n\u0131 daha da g\u00fc\u00e7lendirir.<\/p>\n\n\n\n<p>Florentino, ayn\u0131 zamanda i\u015f hayat\u0131nda b\u00fcy\u00fck bir ba\u015far\u0131 elde eder. Ailesinin \u015firketi olan nehir ta\u015f\u0131mac\u0131l\u0131\u011f\u0131 i\u015fini devral\u0131r ve bu sekt\u00f6rde lider bir fig\u00fcr haline gelir. Ancak t\u00fcm bu ba\u015far\u0131lar, onun Fermina\u2019ya olan \u00f6zlemini dindirmez.<\/p>\n\n\n\n<h3 class=\"wp-block-heading\" id=\"h-yaslilik-ve-yeniden-birlesme\">Ya\u015fl\u0131l\u0131k ve Yeniden Birle\u015fme<\/h3>\n\n\n\n<p>Juvenal Urbino\u2019nun \u00f6l\u00fcm\u00fcnden sonra Florentino, Fermina\u2019ya bir kez daha a\u015fk\u0131n\u0131 ilan eder. Fermina, ba\u015flang\u0131\u00e7ta bu itiraf\u0131 garip bulsa da, zamanla Florentino\u2019nun samimiyetine ve ba\u011fl\u0131l\u0131\u011f\u0131na inan\u0131r. \u0130kisi, ya\u015fl\u0131l\u0131klar\u0131nda birlikte vakit ge\u00e7irmeye ba\u015flar ve aralar\u0131ndaki ba\u011f yeniden g\u00fc\u00e7lenir.<\/p>\n\n\n\n<p>Roman\u0131n sonunda, Florentino ve Fermina, bir nehir gemisiyle yolculu\u011fa \u00e7\u0131kar. Bu yolculuk, hem onlar\u0131n a\u015fk\u0131n\u0131 hem de hayatlar\u0131n\u0131n bir muhasebesini temsil eder. Florentino, kaptana geminin yolculu\u011fa devam etmesini ve hi\u00e7 durmamas\u0131n\u0131 s\u00f6yler. Bu, onlar\u0131n a\u015fk\u0131n\u0131n \u00f6l\u00fcmden sonra bile devam edece\u011fi inanc\u0131n\u0131 simgeler.<\/p>\n\n\n\n<h3 class=\"wp-block-heading\" id=\"h-ana-temalar-ve-mesajlar\">Ana Temalar ve Mesajlar<\/h3>\n\n\n\n<p><em>Kolera G\u00fcnlerinde A\u015fk<\/em>, yaln\u0131zca bireysel bir a\u015fk hik\u00e2yesi de\u011fil, ayn\u0131 zamanda toplumsal d\u00f6n\u00fc\u015f\u00fcmlerin, insan do\u011fas\u0131n\u0131n ve a\u015fk\u0131n farkl\u0131 y\u00fczlerinin bir yans\u0131mas\u0131d\u0131r. Roman, sevginin sab\u0131r, fedak\u00e2rl\u0131k ve kararl\u0131l\u0131kla nas\u0131l hayatta kalabilece\u011fini g\u00f6sterir. Ayn\u0131 zamanda, toplumsal normlar\u0131n ve bireysel arzular\u0131n \u00e7at\u0131\u015fmas\u0131n\u0131 da g\u00f6zler \u00f6n\u00fcne serer.<\/p>\n\n\n\n<p>Gabriel Garc\u00eda M\u00e1rquez, bu eserinde a\u015fk\u0131n idealize edilmi\u015f bir kavram olmad\u0131\u011f\u0131n\u0131, aksine karma\u015f\u0131k, kusurlu ve \u00e7o\u011fu zaman ac\u0131 verici bir deneyim oldu\u011funu vurgular. Florentino ve Fermina\u2019n\u0131n hik\u00e2yesi, a\u015fk\u0131n yaln\u0131zca gen\u00e7likte de\u011fil, ya\u015fl\u0131l\u0131kta da devam edebilece\u011fini kan\u0131tlar.<\/p>\n\n\n\n<p>Bu b\u00fcy\u00fcleyici roman, yaln\u0131zca edebiyat d\u00fcnyas\u0131nda de\u011fil, okuyucular\u0131n kalplerinde de derin izler b\u0131rakm\u0131\u015ft\u0131r. <a href=\"https:\/\/tr.wikipedia.org\/wiki\/Gabriel_Garc%C3%ADa_M%C3%A1rquez\">Garc\u00eda M\u00e1rquez<\/a>, ustal\u0131kla i\u015fledi\u011fi karakterler ve detaylarla okuyucuyu zamanda bir yolculu\u011fa \u00e7\u0131kar\u0131r ve a\u015fk\u0131n evrenselli\u011fini anlat\u0131r.<\/p>\n\n\n\n<p>Kolera G\u00fcnlerinde A\u015fk Kitap \u00d6zeti\u2019ni be\u011fendiyseniz ve\u00a0daha fazla\u00a0kitap \u00f6zeti okumak isterseniz l\u00fctfen\u00a0<a href=\"https:\/\/turkblogs.com\/tr\/category\/film-ve-dizi\">Turk Blogs\u00a0<\/a>ana sayfas\u0131n\u0131 ziyaret edin.<\/p>\n","protected":false},"excerpt":{"rendered":"<p>Gabriel Garc\u00eda M\u00e1rquez\u2019in Kolera G\u00fcnlerinde A\u015fk adl\u0131 roman\u0131, a\u015fk\u0131n zamana, toplumsal normlara ve ki\u015fisel de\u011fi\u015fimlere kar\u015f\u0131 koyu\u015funu ele al\u0131r. Hik\u00e2ye, 19. y\u00fczy\u0131l sonlar\u0131 ile 20. y\u00fczy\u0131l\u0131n ba\u015flar\u0131nda Kolombiya\u2019da ge\u00e7er. Ana karakterler Florentino Ariza ve Fermina Daza\u2019n\u0131n birbirlerine duydu\u011fu derin, fakat bir t\u00fcrl\u00fc kavu\u015famayan a\u015fklar\u0131, eserin temelini olu\u015fturur. Roman, yaln\u0131zca bir a\u015fk hik\u00e2yesi de\u011fil, ayn\u0131 zamanda [&hellip;]<\/p>\n","protected":false},"author":2,"featured_media":16540,"comment_status":"open","ping_status":"open","sticky":false,"template":"","format":"standard","meta":{"footnotes":""},"categories":[70],"tags":[6068,6069],"class_list":{"0":"post-16539","1":"post","2":"type-post","3":"status-publish","4":"format-standard","5":"has-post-thumbnail","7":"category-kultur-sanatlari","8":"tag-kolera-gunlerinde-ask-kitap-ozeti","9":"tag-kolera-gunlerinde-ask-roman-ozeti"},"yoast_head":"<!-- This site is optimized with the Yoast SEO plugin v27.4 - https:\/\/yoast.com\/product\/yoast-seo-wordpress\/ -->\n<title>Gabriel Garc\u00eda M\u00e1rquez \u2013 Kolera G\u00fcnlerinde A\u015fk Kitap \u00d6zeti - Turk Blogs<\/title>\n<meta name=\"description\" content=\"Gabriel Garc\u00eda M\u00e1rquez&#039;in Florentino ve Fermina\u2019n\u0131n 50 y\u0131l\u0131 a\u015fk\u0131n s\u00fcren tutkulu a\u015fk hikayesini anlatan roman\u0131 Kolera G\u00fcnlerinde A\u015fk \u00f6zeti...\" \/>\n<meta name=\"robots\" content=\"index, follow, max-snippet:-1, max-image-preview:large, max-video-preview:-1\" \/>\n<link rel=\"canonical\" href=\"https:\/\/turkblogs.com\/tr\/kolera-gunlerinde-ask-kitap-ozeti\/\" \/>\n<meta property=\"og:locale\" content=\"tr_TR\" \/>\n<meta property=\"og:type\" content=\"article\" \/>\n<meta property=\"og:title\" content=\"Gabriel Garc\u00eda M\u00e1rquez \u2013 Kolera G\u00fcnlerinde A\u015fk Kitap \u00d6zeti - Turk Blogs\" \/>\n<meta property=\"og:description\" content=\"Gabriel Garc\u00eda M\u00e1rquez&#039;in Florentino ve Fermina\u2019n\u0131n 50 y\u0131l\u0131 a\u015fk\u0131n s\u00fcren tutkulu a\u015fk hikayesini anlatan roman\u0131 Kolera G\u00fcnlerinde A\u015fk \u00f6zeti...\" \/>\n<meta property=\"og:url\" content=\"https:\/\/turkblogs.com\/tr\/kolera-gunlerinde-ask-kitap-ozeti\/\" \/>\n<meta property=\"og:site_name\" content=\"Turk Blogs\" \/>\n<meta property=\"article:publisher\" content=\"https:\/\/www.facebook.com\/profile.php?id=61554105234628\" \/>\n<meta property=\"article:published_time\" content=\"2024-12-25T12:36:43+00:00\" \/>\n<meta property=\"article:modified_time\" content=\"2024-12-25T12:36:44+00:00\" \/>\n<meta property=\"og:image\" content=\"https:\/\/turkblogs.com\/wp-content\/uploads\/2024\/12\/betrending_289981006_10711797_1024x576.jpg\" \/>\n\t<meta property=\"og:image:width\" content=\"1024\" \/>\n\t<meta property=\"og:image:height\" content=\"576\" \/>\n\t<meta property=\"og:image:type\" content=\"image\/jpeg\" \/>\n<meta name=\"author\" content=\"Erhan \u00d6ZBEN\" \/>\n<meta name=\"twitter:card\" content=\"summary_large_image\" \/>\n<meta name=\"twitter:creator\" content=\"@turkblogs\" \/>\n<meta name=\"twitter:site\" content=\"@turkblogs\" \/>\n<meta name=\"twitter:label1\" content=\"Yazan:\" \/>\n\t<meta name=\"twitter:data1\" content=\"Erhan \u00d6ZBEN\" \/>\n\t<meta name=\"twitter:label2\" content=\"Tahmini okuma s\u00fcresi\" \/>\n\t<meta name=\"twitter:data2\" content=\"4 dakika\" \/>\n<script type=\"application\/ld+json\" class=\"yoast-schema-graph\">{\"@context\":\"https:\\\/\\\/schema.org\",\"@graph\":[{\"@type\":\"Article\",\"@id\":\"https:\\\/\\\/turkblogs.com\\\/tr\\\/kolera-gunlerinde-ask-kitap-ozeti\\\/#article\",\"isPartOf\":{\"@id\":\"https:\\\/\\\/turkblogs.com\\\/tr\\\/kolera-gunlerinde-ask-kitap-ozeti\\\/\"},\"author\":{\"name\":\"Erhan \u00d6ZBEN\",\"@id\":\"https:\\\/\\\/turkblogs.com\\\/tr\\\/#\\\/schema\\\/person\\\/8a2eaf976251e14ed49c1c2875f127b4\"},\"headline\":\"Gabriel Garc\u00eda M\u00e1rquez \u2013 Kolera G\u00fcnlerinde A\u015fk Kitap \u00d6zeti\",\"datePublished\":\"2024-12-25T12:36:43+00:00\",\"dateModified\":\"2024-12-25T12:36:44+00:00\",\"mainEntityOfPage\":{\"@id\":\"https:\\\/\\\/turkblogs.com\\\/tr\\\/kolera-gunlerinde-ask-kitap-ozeti\\\/\"},\"wordCount\":896,\"commentCount\":0,\"publisher\":{\"@id\":\"https:\\\/\\\/turkblogs.com\\\/tr\\\/#organization\"},\"image\":{\"@id\":\"https:\\\/\\\/turkblogs.com\\\/tr\\\/kolera-gunlerinde-ask-kitap-ozeti\\\/#primaryimage\"},\"thumbnailUrl\":\"https:\\\/\\\/turkblogs.com\\\/wp-content\\\/uploads\\\/2024\\\/12\\\/betrending_289981006_10711797_1024x576.jpg\",\"keywords\":[\"Kolera G\u00fcnlerinde A\u015fk Kitap \u00d6zeti\",\"Kolera G\u00fcnlerinde A\u015fk Roman \u00d6zeti\"],\"articleSection\":[\"K\u00fclt\u00fcr\"],\"inLanguage\":\"tr\",\"potentialAction\":[{\"@type\":\"CommentAction\",\"name\":\"Comment\",\"target\":[\"https:\\\/\\\/turkblogs.com\\\/tr\\\/kolera-gunlerinde-ask-kitap-ozeti\\\/#respond\"]}]},{\"@type\":\"WebPage\",\"@id\":\"https:\\\/\\\/turkblogs.com\\\/tr\\\/kolera-gunlerinde-ask-kitap-ozeti\\\/\",\"url\":\"https:\\\/\\\/turkblogs.com\\\/tr\\\/kolera-gunlerinde-ask-kitap-ozeti\\\/\",\"name\":\"Gabriel Garc\u00eda M\u00e1rquez \u2013 Kolera G\u00fcnlerinde A\u015fk Kitap \u00d6zeti - Turk Blogs\",\"isPartOf\":{\"@id\":\"https:\\\/\\\/turkblogs.com\\\/tr\\\/#website\"},\"primaryImageOfPage\":{\"@id\":\"https:\\\/\\\/turkblogs.com\\\/tr\\\/kolera-gunlerinde-ask-kitap-ozeti\\\/#primaryimage\"},\"image\":{\"@id\":\"https:\\\/\\\/turkblogs.com\\\/tr\\\/kolera-gunlerinde-ask-kitap-ozeti\\\/#primaryimage\"},\"thumbnailUrl\":\"https:\\\/\\\/turkblogs.com\\\/wp-content\\\/uploads\\\/2024\\\/12\\\/betrending_289981006_10711797_1024x576.jpg\",\"datePublished\":\"2024-12-25T12:36:43+00:00\",\"dateModified\":\"2024-12-25T12:36:44+00:00\",\"description\":\"Gabriel Garc\u00eda M\u00e1rquez'in Florentino ve Fermina\u2019n\u0131n 50 y\u0131l\u0131 a\u015fk\u0131n s\u00fcren tutkulu a\u015fk hikayesini anlatan roman\u0131 Kolera G\u00fcnlerinde A\u015fk \u00f6zeti...\",\"breadcrumb\":{\"@id\":\"https:\\\/\\\/turkblogs.com\\\/tr\\\/kolera-gunlerinde-ask-kitap-ozeti\\\/#breadcrumb\"},\"inLanguage\":\"tr\",\"potentialAction\":[{\"@type\":\"ReadAction\",\"target\":[\"https:\\\/\\\/turkblogs.com\\\/tr\\\/kolera-gunlerinde-ask-kitap-ozeti\\\/\"]}]},{\"@type\":\"ImageObject\",\"inLanguage\":\"tr\",\"@id\":\"https:\\\/\\\/turkblogs.com\\\/tr\\\/kolera-gunlerinde-ask-kitap-ozeti\\\/#primaryimage\",\"url\":\"https:\\\/\\\/turkblogs.com\\\/wp-content\\\/uploads\\\/2024\\\/12\\\/betrending_289981006_10711797_1024x576.jpg\",\"contentUrl\":\"https:\\\/\\\/turkblogs.com\\\/wp-content\\\/uploads\\\/2024\\\/12\\\/betrending_289981006_10711797_1024x576.jpg\",\"width\":1024,\"height\":576,\"caption\":\"Kolera G\u00fcnlerinde A\u015fk Kitap \u00d6zeti\"},{\"@type\":\"BreadcrumbList\",\"@id\":\"https:\\\/\\\/turkblogs.com\\\/tr\\\/kolera-gunlerinde-ask-kitap-ozeti\\\/#breadcrumb\",\"itemListElement\":[{\"@type\":\"ListItem\",\"position\":1,\"name\":\"\u0627\u0644\u0631\u0626\u064a\u0633\u064a\u0629\",\"item\":\"https:\\\/\\\/turkblogs.com\\\/tr\\\/\"},{\"@type\":\"ListItem\",\"position\":2,\"name\":\"Gabriel Garc\u00eda M\u00e1rquez \u2013 Kolera G\u00fcnlerinde A\u015fk Kitap \u00d6zeti\"}]},{\"@type\":\"WebSite\",\"@id\":\"https:\\\/\\\/turkblogs.com\\\/tr\\\/#website\",\"url\":\"https:\\\/\\\/turkblogs.com\\\/tr\\\/\",\"name\":\"Turk Blogs\",\"description\":\"Stay informed with Turk Blogs \u2013 your source for the latest news and insights on Turkey and\u00a0global\u00a0events.\",\"publisher\":{\"@id\":\"https:\\\/\\\/turkblogs.com\\\/tr\\\/#organization\"},\"potentialAction\":[{\"@type\":\"SearchAction\",\"target\":{\"@type\":\"EntryPoint\",\"urlTemplate\":\"https:\\\/\\\/turkblogs.com\\\/tr\\\/?s={search_term_string}\"},\"query-input\":{\"@type\":\"PropertyValueSpecification\",\"valueRequired\":true,\"valueName\":\"search_term_string\"}}],\"inLanguage\":\"tr\"},{\"@type\":\"Organization\",\"@id\":\"https:\\\/\\\/turkblogs.com\\\/tr\\\/#organization\",\"name\":\"Turk Blogs\",\"url\":\"https:\\\/\\\/turkblogs.com\\\/tr\\\/\",\"logo\":{\"@type\":\"ImageObject\",\"inLanguage\":\"tr\",\"@id\":\"https:\\\/\\\/turkblogs.com\\\/tr\\\/#\\\/schema\\\/logo\\\/image\\\/\",\"url\":\"https:\\\/\\\/turkblogs.com\\\/wp-content\\\/uploads\\\/2023\\\/11\\\/tr-blogo-logo-icon.png\",\"contentUrl\":\"https:\\\/\\\/turkblogs.com\\\/wp-content\\\/uploads\\\/2023\\\/11\\\/tr-blogo-logo-icon.png\",\"width\":100,\"height\":100,\"caption\":\"Turk Blogs\"},\"image\":{\"@id\":\"https:\\\/\\\/turkblogs.com\\\/tr\\\/#\\\/schema\\\/logo\\\/image\\\/\"},\"sameAs\":[\"https:\\\/\\\/www.facebook.com\\\/profile.php?id=61554105234628\",\"https:\\\/\\\/x.com\\\/turkblogs\"]},{\"@type\":\"Person\",\"@id\":\"https:\\\/\\\/turkblogs.com\\\/tr\\\/#\\\/schema\\\/person\\\/8a2eaf976251e14ed49c1c2875f127b4\",\"name\":\"Erhan \u00d6ZBEN\",\"image\":{\"@type\":\"ImageObject\",\"inLanguage\":\"tr\",\"@id\":\"https:\\\/\\\/secure.gravatar.com\\\/avatar\\\/25b9cf63655c5b08a786cfdeafb5ca0294adae71c82f4b803cef59e139bbd0c5?s=96&d=mm&r=g\",\"url\":\"https:\\\/\\\/secure.gravatar.com\\\/avatar\\\/25b9cf63655c5b08a786cfdeafb5ca0294adae71c82f4b803cef59e139bbd0c5?s=96&d=mm&r=g\",\"contentUrl\":\"https:\\\/\\\/secure.gravatar.com\\\/avatar\\\/25b9cf63655c5b08a786cfdeafb5ca0294adae71c82f4b803cef59e139bbd0c5?s=96&d=mm&r=g\",\"caption\":\"Erhan \u00d6ZBEN\"},\"sameAs\":[\"https:\\\/\\\/turkblogs.com\\\/\"],\"url\":\"https:\\\/\\\/turkblogs.com\\\/tr\\\/author\\\/erhanozben\\\/\"}]}<\/script>\n<!-- \/ Yoast SEO plugin. -->","yoast_head_json":{"title":"Gabriel Garc\u00eda M\u00e1rquez \u2013 Kolera G\u00fcnlerinde A\u015fk Kitap \u00d6zeti - Turk Blogs","description":"Gabriel Garc\u00eda M\u00e1rquez'in Florentino ve Fermina\u2019n\u0131n 50 y\u0131l\u0131 a\u015fk\u0131n s\u00fcren tutkulu a\u015fk hikayesini anlatan roman\u0131 Kolera G\u00fcnlerinde A\u015fk \u00f6zeti...","robots":{"index":"index","follow":"follow","max-snippet":"max-snippet:-1","max-image-preview":"max-image-preview:large","max-video-preview":"max-video-preview:-1"},"canonical":"https:\/\/turkblogs.com\/tr\/kolera-gunlerinde-ask-kitap-ozeti\/","og_locale":"tr_TR","og_type":"article","og_title":"Gabriel Garc\u00eda M\u00e1rquez \u2013 Kolera G\u00fcnlerinde A\u015fk Kitap \u00d6zeti - Turk Blogs","og_description":"Gabriel Garc\u00eda M\u00e1rquez'in Florentino ve Fermina\u2019n\u0131n 50 y\u0131l\u0131 a\u015fk\u0131n s\u00fcren tutkulu a\u015fk hikayesini anlatan roman\u0131 Kolera G\u00fcnlerinde A\u015fk \u00f6zeti...","og_url":"https:\/\/turkblogs.com\/tr\/kolera-gunlerinde-ask-kitap-ozeti\/","og_site_name":"Turk Blogs","article_publisher":"https:\/\/www.facebook.com\/profile.php?id=61554105234628","article_published_time":"2024-12-25T12:36:43+00:00","article_modified_time":"2024-12-25T12:36:44+00:00","og_image":[{"width":1024,"height":576,"url":"https:\/\/turkblogs.com\/wp-content\/uploads\/2024\/12\/betrending_289981006_10711797_1024x576.jpg","type":"image\/jpeg"}],"author":"Erhan \u00d6ZBEN","twitter_card":"summary_large_image","twitter_creator":"@turkblogs","twitter_site":"@turkblogs","twitter_misc":{"Yazan:":"Erhan \u00d6ZBEN","Tahmini okuma s\u00fcresi":"4 dakika"},"schema":{"@context":"https:\/\/schema.org","@graph":[{"@type":"Article","@id":"https:\/\/turkblogs.com\/tr\/kolera-gunlerinde-ask-kitap-ozeti\/#article","isPartOf":{"@id":"https:\/\/turkblogs.com\/tr\/kolera-gunlerinde-ask-kitap-ozeti\/"},"author":{"name":"Erhan \u00d6ZBEN","@id":"https:\/\/turkblogs.com\/tr\/#\/schema\/person\/8a2eaf976251e14ed49c1c2875f127b4"},"headline":"Gabriel Garc\u00eda M\u00e1rquez \u2013 Kolera G\u00fcnlerinde A\u015fk Kitap \u00d6zeti","datePublished":"2024-12-25T12:36:43+00:00","dateModified":"2024-12-25T12:36:44+00:00","mainEntityOfPage":{"@id":"https:\/\/turkblogs.com\/tr\/kolera-gunlerinde-ask-kitap-ozeti\/"},"wordCount":896,"commentCount":0,"publisher":{"@id":"https:\/\/turkblogs.com\/tr\/#organization"},"image":{"@id":"https:\/\/turkblogs.com\/tr\/kolera-gunlerinde-ask-kitap-ozeti\/#primaryimage"},"thumbnailUrl":"https:\/\/turkblogs.com\/wp-content\/uploads\/2024\/12\/betrending_289981006_10711797_1024x576.jpg","keywords":["Kolera G\u00fcnlerinde A\u015fk Kitap \u00d6zeti","Kolera G\u00fcnlerinde A\u015fk Roman \u00d6zeti"],"articleSection":["K\u00fclt\u00fcr"],"inLanguage":"tr","potentialAction":[{"@type":"CommentAction","name":"Comment","target":["https:\/\/turkblogs.com\/tr\/kolera-gunlerinde-ask-kitap-ozeti\/#respond"]}]},{"@type":"WebPage","@id":"https:\/\/turkblogs.com\/tr\/kolera-gunlerinde-ask-kitap-ozeti\/","url":"https:\/\/turkblogs.com\/tr\/kolera-gunlerinde-ask-kitap-ozeti\/","name":"Gabriel Garc\u00eda M\u00e1rquez \u2013 Kolera G\u00fcnlerinde A\u015fk Kitap \u00d6zeti - Turk Blogs","isPartOf":{"@id":"https:\/\/turkblogs.com\/tr\/#website"},"primaryImageOfPage":{"@id":"https:\/\/turkblogs.com\/tr\/kolera-gunlerinde-ask-kitap-ozeti\/#primaryimage"},"image":{"@id":"https:\/\/turkblogs.com\/tr\/kolera-gunlerinde-ask-kitap-ozeti\/#primaryimage"},"thumbnailUrl":"https:\/\/turkblogs.com\/wp-content\/uploads\/2024\/12\/betrending_289981006_10711797_1024x576.jpg","datePublished":"2024-12-25T12:36:43+00:00","dateModified":"2024-12-25T12:36:44+00:00","description":"Gabriel Garc\u00eda M\u00e1rquez'in Florentino ve Fermina\u2019n\u0131n 50 y\u0131l\u0131 a\u015fk\u0131n s\u00fcren tutkulu a\u015fk hikayesini anlatan roman\u0131 Kolera G\u00fcnlerinde A\u015fk \u00f6zeti...","breadcrumb":{"@id":"https:\/\/turkblogs.com\/tr\/kolera-gunlerinde-ask-kitap-ozeti\/#breadcrumb"},"inLanguage":"tr","potentialAction":[{"@type":"ReadAction","target":["https:\/\/turkblogs.com\/tr\/kolera-gunlerinde-ask-kitap-ozeti\/"]}]},{"@type":"ImageObject","inLanguage":"tr","@id":"https:\/\/turkblogs.com\/tr\/kolera-gunlerinde-ask-kitap-ozeti\/#primaryimage","url":"https:\/\/turkblogs.com\/wp-content\/uploads\/2024\/12\/betrending_289981006_10711797_1024x576.jpg","contentUrl":"https:\/\/turkblogs.com\/wp-content\/uploads\/2024\/12\/betrending_289981006_10711797_1024x576.jpg","width":1024,"height":576,"caption":"Kolera G\u00fcnlerinde A\u015fk Kitap \u00d6zeti"},{"@type":"BreadcrumbList","@id":"https:\/\/turkblogs.com\/tr\/kolera-gunlerinde-ask-kitap-ozeti\/#breadcrumb","itemListElement":[{"@type":"ListItem","position":1,"name":"\u0627\u0644\u0631\u0626\u064a\u0633\u064a\u0629","item":"https:\/\/turkblogs.com\/tr\/"},{"@type":"ListItem","position":2,"name":"Gabriel Garc\u00eda M\u00e1rquez \u2013 Kolera G\u00fcnlerinde A\u015fk Kitap \u00d6zeti"}]},{"@type":"WebSite","@id":"https:\/\/turkblogs.com\/tr\/#website","url":"https:\/\/turkblogs.com\/tr\/","name":"Turk Blogs","description":"Stay informed with Turk Blogs \u2013 your source for the latest news and insights on Turkey and\u00a0global\u00a0events.","publisher":{"@id":"https:\/\/turkblogs.com\/tr\/#organization"},"potentialAction":[{"@type":"SearchAction","target":{"@type":"EntryPoint","urlTemplate":"https:\/\/turkblogs.com\/tr\/?s={search_term_string}"},"query-input":{"@type":"PropertyValueSpecification","valueRequired":true,"valueName":"search_term_string"}}],"inLanguage":"tr"},{"@type":"Organization","@id":"https:\/\/turkblogs.com\/tr\/#organization","name":"Turk Blogs","url":"https:\/\/turkblogs.com\/tr\/","logo":{"@type":"ImageObject","inLanguage":"tr","@id":"https:\/\/turkblogs.com\/tr\/#\/schema\/logo\/image\/","url":"https:\/\/turkblogs.com\/wp-content\/uploads\/2023\/11\/tr-blogo-logo-icon.png","contentUrl":"https:\/\/turkblogs.com\/wp-content\/uploads\/2023\/11\/tr-blogo-logo-icon.png","width":100,"height":100,"caption":"Turk Blogs"},"image":{"@id":"https:\/\/turkblogs.com\/tr\/#\/schema\/logo\/image\/"},"sameAs":["https:\/\/www.facebook.com\/profile.php?id=61554105234628","https:\/\/x.com\/turkblogs"]},{"@type":"Person","@id":"https:\/\/turkblogs.com\/tr\/#\/schema\/person\/8a2eaf976251e14ed49c1c2875f127b4","name":"Erhan \u00d6ZBEN","image":{"@type":"ImageObject","inLanguage":"tr","@id":"https:\/\/secure.gravatar.com\/avatar\/25b9cf63655c5b08a786cfdeafb5ca0294adae71c82f4b803cef59e139bbd0c5?s=96&d=mm&r=g","url":"https:\/\/secure.gravatar.com\/avatar\/25b9cf63655c5b08a786cfdeafb5ca0294adae71c82f4b803cef59e139bbd0c5?s=96&d=mm&r=g","contentUrl":"https:\/\/secure.gravatar.com\/avatar\/25b9cf63655c5b08a786cfdeafb5ca0294adae71c82f4b803cef59e139bbd0c5?s=96&d=mm&r=g","caption":"Erhan \u00d6ZBEN"},"sameAs":["https:\/\/turkblogs.com\/"],"url":"https:\/\/turkblogs.com\/tr\/author\/erhanozben\/"}]}},"_links":{"self":[{"href":"https:\/\/turkblogs.com\/tr\/wp-json\/wp\/v2\/posts\/16539","targetHints":{"allow":["GET"]}}],"collection":[{"href":"https:\/\/turkblogs.com\/tr\/wp-json\/wp\/v2\/posts"}],"about":[{"href":"https:\/\/turkblogs.com\/tr\/wp-json\/wp\/v2\/types\/post"}],"author":[{"embeddable":true,"href":"https:\/\/turkblogs.com\/tr\/wp-json\/wp\/v2\/users\/2"}],"replies":[{"embeddable":true,"href":"https:\/\/turkblogs.com\/tr\/wp-json\/wp\/v2\/comments?post=16539"}],"version-history":[{"count":1,"href":"https:\/\/turkblogs.com\/tr\/wp-json\/wp\/v2\/posts\/16539\/revisions"}],"predecessor-version":[{"id":16543,"href":"https:\/\/turkblogs.com\/tr\/wp-json\/wp\/v2\/posts\/16539\/revisions\/16543"}],"wp:featuredmedia":[{"embeddable":true,"href":"https:\/\/turkblogs.com\/tr\/wp-json\/wp\/v2\/media\/16540"}],"wp:attachment":[{"href":"https:\/\/turkblogs.com\/tr\/wp-json\/wp\/v2\/media?parent=16539"}],"wp:term":[{"taxonomy":"category","embeddable":true,"href":"https:\/\/turkblogs.com\/tr\/wp-json\/wp\/v2\/categories?post=16539"},{"taxonomy":"post_tag","embeddable":true,"href":"https:\/\/turkblogs.com\/tr\/wp-json\/wp\/v2\/tags?post=16539"}],"curies":[{"name":"wp","href":"https:\/\/api.w.org\/{rel}","templated":true}]}}