{"id":16022,"date":"2024-11-29T15:34:30","date_gmt":"2024-11-29T15:34:30","guid":{"rendered":"https:\/\/turkblogs.com\/?p=16022"},"modified":"2024-11-29T15:34:32","modified_gmt":"2024-11-29T15:34:32","slug":"kahve-falinda-agackakan-gormek","status":"publish","type":"post","link":"https:\/\/turkblogs.com\/tr\/kahve-falinda-agackakan-gormek\/","title":{"rendered":"Falda A\u011fa\u00e7kakan G\u00f6rmek Ne Anlama Gelir?"},"content":{"rendered":"\n<p>Kahve fal\u0131nda a\u011fa\u00e7kakan g\u00f6rmek, azim, sab\u0131r ve s\u00fcrekli \u00e7aba ile ili\u015fkilendirilir. A\u011fa\u00e7kakan fig\u00fcr\u00fc, ki\u015finin kar\u015f\u0131la\u015ft\u0131\u011f\u0131 zorluklara ra\u011fmen vazge\u00e7meyen bir yap\u0131ya sahip oldu\u011funu simgeler. Ayn\u0131 zamanda bu sembol, ki\u015finin fark edilmesi gereken bir f\u0131rsat ya da \u00f6nemli bir duruma kar\u015f\u0131 daha dikkatli olmas\u0131 gerekti\u011fine i\u015faret eder.<\/p>\n\n\n\n<p>A\u011fa\u00e7kakan, do\u011fada s\u00fcrekli hareket halinde ve \u00fcretken bir ku\u015f olarak bilinir. Bu nedenle falda a\u011fa\u00e7kakan g\u00f6rmek, hayat\u0131n\u0131zda aktif bir d\u00f6neme girece\u011finizi ve bu s\u00fcre\u00e7te sab\u0131rla \u00e7al\u0131\u015fman\u0131z gerekti\u011fini ifade eder.<\/p>\n\n\n\n<h2 class=\"wp-block-heading\" id=\"h-kahve-falinda-agackakan-gormek-ne-demek\"><strong>Kahve Fal\u0131nda A\u011fa\u00e7kakan G\u00f6rmek Ne Demek?<\/strong><\/h2>\n\n\n\n<p>Falda a\u011fa\u00e7kakan g\u00f6rmek, genellikle ki\u015finin \u00e7al\u0131\u015fkan ve kararl\u0131 do\u011fas\u0131n\u0131 temsil eder. E\u011fer fig\u00fcr fincan\u0131n orta k\u0131sm\u0131nda beliriyorsa, \u015fu anda \u00fczerinde \u00e7al\u0131\u015ft\u0131\u011f\u0131n\u0131z bir i\u015fte ba\u015far\u0131ya ula\u015faca\u011f\u0131n\u0131z\u0131 m\u00fcjdeler. Ancak bu ba\u015far\u0131, yo\u011fun \u00e7aba ve zaman gerektirebilir.<\/p>\n\n\n\n<p>A\u011fa\u00e7kakan sembol\u00fc, ayn\u0131 zamanda etraf\u0131n\u0131zdaki k\u00fc\u00e7\u00fck detaylara dikkat etmeniz gerekti\u011fini vurgular. Bu fig\u00fcr, sizin fark etmedi\u011finiz veya \u00f6nemsemedi\u011finiz bir konuda b\u00fcy\u00fck bir f\u0131rsat\u0131n sakl\u0131 olabilece\u011fini de g\u00f6sterebilir.<\/p>\n\n\n\n<h2 class=\"wp-block-heading\" id=\"h-falda-agackakan-gorulmesi-nasil-yorumlanir\"><strong>Falda A\u011fa\u00e7kakan G\u00f6r\u00fclmesi Nas\u0131l Yorumlan\u0131r?<\/strong><\/h2>\n\n\n\n<p>A\u011fa\u00e7kakan fig\u00fcr\u00fc, genellikle uyar\u0131c\u0131 bir anlam ta\u015f\u0131r. Fincanda bu fig\u00fcr\u00fc g\u00f6rmek, dikkatinizi \u00e7eken bir konuda harekete ge\u00e7meniz gerekti\u011fini i\u015faret eder. E\u011fer a\u011fa\u00e7kakan bir a\u011fac\u0131n yan\u0131nda duruyorsa, bu, sa\u011flam temeller \u00fczerinde y\u00fckselen bir ba\u015far\u0131y\u0131 simgeler.<\/p>\n\n\n\n<p>A\u011fa\u00e7kakan\u0131n sesi gibi tekrarlayan bir sembol olarak g\u00f6r\u00fclmesi, hayat\u0131n\u0131zda s\u00fcrekli tekrar eden bir durumu veya bir hatay\u0131 fark etmeniz gerekti\u011fini i\u015faret edebilir. Bu fig\u00fcr, hatalardan ders \u00e7\u0131karma ve ilerleme zaman\u0131 oldu\u011funu da anlat\u0131r.<\/p>\n\n\n\n<h2 class=\"wp-block-heading\" id=\"h-agackakan-figurunun-psikolojik-ve-tarihsel-anlamlari\"><strong>A\u011fa\u00e7kakan Fig\u00fcr\u00fcn\u00fcn Psikolojik ve Tarihsel Anlamlar\u0131<\/strong><\/h2>\n\n\n\n<p>Psikolojik olarak a\u011fa\u00e7kakan, ki\u015finin azimli ve \u00e7al\u0131\u015fkan do\u011fas\u0131n\u0131 yans\u0131t\u0131r. Bu sembol, s\u00fcrekli geli\u015fim ve kararl\u0131l\u0131kla ba\u015far\u0131ya ula\u015fma iste\u011fini temsil eder. Ayr\u0131ca, a\u011fa\u00e7kakan, ki\u015finin sezgilerine g\u00fcvenmesi ve hayat\u0131ndaki f\u0131rsatlar\u0131 do\u011fru de\u011ferlendirmesi gerekti\u011fini vurgular.<\/p>\n\n\n\n<p>Tarihsel olarak a\u011fa\u00e7kakan, pek \u00e7ok k\u00fclt\u00fcrde bilgi, bilgelik ve cesaret sembol\u00fc olarak g\u00f6r\u00fclm\u00fc\u015ft\u00fcr. Bu nedenle falda a\u011fa\u00e7kakan g\u00f6rmek, ki\u015finin i\u00e7sel g\u00fcc\u00fcn\u00fc ve sezgisel bilgeli\u011fini daha iyi kullanmas\u0131 gerekti\u011fine dair bir mesaj ta\u015f\u0131yabilir.<\/p>\n\n\n\n<p>\u201cFalda A\u011fa\u00e7kakan G\u00f6rmek Ne Anlama Gelir?\u201d adl\u0131 makalemizi be\u011fendiyseniz ve kahve fal\u0131 simgeleri hakk\u0131nda daha fazla bilgi almak isterseniz l\u00fctfen\u00a0<a href=\"https:\/\/turkblogs.com\/tr\/\">TurkBlogs<\/a>\u00a0ana sayfam\u0131z\u0131 ziyaret ediniz.<\/p>\n","protected":false},"excerpt":{"rendered":"<p>Kahve fal\u0131nda a\u011fa\u00e7kakan g\u00f6rmek, azim, sab\u0131r ve s\u00fcrekli \u00e7aba ile ili\u015fkilendirilir. A\u011fa\u00e7kakan fig\u00fcr\u00fc, ki\u015finin kar\u015f\u0131la\u015ft\u0131\u011f\u0131 zorluklara ra\u011fmen vazge\u00e7meyen bir yap\u0131ya sahip oldu\u011funu simgeler. Ayn\u0131 zamanda bu sembol, ki\u015finin fark edilmesi gereken bir f\u0131rsat ya da \u00f6nemli bir duruma kar\u015f\u0131 daha dikkatli olmas\u0131 gerekti\u011fine i\u015faret eder. A\u011fa\u00e7kakan, do\u011fada s\u00fcrekli hareket halinde ve \u00fcretken bir ku\u015f olarak [&hellip;]<\/p>\n","protected":false},"author":2,"featured_media":16023,"comment_status":"open","ping_status":"open","sticky":false,"template":"","format":"standard","meta":{"footnotes":""},"categories":[61],"tags":[4668,5762,5761,4654,5764,5763],"class_list":{"0":"post-16022","1":"post","2":"type-post","3":"status-publish","4":"format-standard","5":"has-post-thumbnail","7":"category-yasam-tarzi","8":"tag-fal","9":"tag-falda-agackakan-cikmasi","10":"tag-falda-agackakan-gormek","11":"tag-kahve-fali","12":"tag-kahve-falinda-agackakan-cikmasi","13":"tag-kahve-falinda-agackakan-gormek"},"yoast_head":"<!-- This site is optimized with the Yoast SEO plugin v27.4 - https:\/\/yoast.com\/product\/yoast-seo-wordpress\/ -->\n<title>Falda A\u011fa\u00e7kakan G\u00f6rmek Ne Anlama Gelir? - Turk Blogs<\/title>\n<meta name=\"description\" content=\"Falda a\u011fa\u00e7kakan g\u00f6rmek, azim, sab\u0131r ve kararl\u0131l\u0131\u011f\u0131 simgeler. Bu fig\u00fcr, hayat\u0131n\u0131zdaki f\u0131rsatlara dikkat ederek sab\u0131rla \u00e7al\u0131\u015fman\u0131z gerekti\u011fini i\u015faret eder.\" \/>\n<meta name=\"robots\" content=\"index, follow, max-snippet:-1, max-image-preview:large, max-video-preview:-1\" \/>\n<link rel=\"canonical\" href=\"https:\/\/turkblogs.com\/tr\/kahve-falinda-agackakan-gormek\/\" \/>\n<meta property=\"og:locale\" content=\"tr_TR\" \/>\n<meta property=\"og:type\" content=\"article\" \/>\n<meta property=\"og:title\" content=\"Falda A\u011fa\u00e7kakan G\u00f6rmek Ne Anlama Gelir? - Turk Blogs\" \/>\n<meta property=\"og:description\" content=\"Falda a\u011fa\u00e7kakan g\u00f6rmek, azim, sab\u0131r ve kararl\u0131l\u0131\u011f\u0131 simgeler. Bu fig\u00fcr, hayat\u0131n\u0131zdaki f\u0131rsatlara dikkat ederek sab\u0131rla \u00e7al\u0131\u015fman\u0131z gerekti\u011fini i\u015faret eder.\" \/>\n<meta property=\"og:url\" content=\"https:\/\/turkblogs.com\/tr\/kahve-falinda-agackakan-gormek\/\" \/>\n<meta property=\"og:site_name\" content=\"Turk Blogs\" \/>\n<meta property=\"article:publisher\" content=\"https:\/\/www.facebook.com\/profile.php?id=61554105234628\" \/>\n<meta property=\"article:published_time\" content=\"2024-11-29T15:34:30+00:00\" \/>\n<meta property=\"article:modified_time\" content=\"2024-11-29T15:34:32+00:00\" \/>\n<meta property=\"og:image\" content=\"https:\/\/turkblogs.com\/wp-content\/uploads\/2024\/11\/spiritual-meaning-of-pileated-woodpecker-4d885937.webp\" \/>\n\t<meta property=\"og:image:width\" content=\"1344\" \/>\n\t<meta property=\"og:image:height\" content=\"768\" \/>\n\t<meta property=\"og:image:type\" content=\"image\/webp\" \/>\n<meta name=\"author\" content=\"Erhan \u00d6ZBEN\" \/>\n<meta name=\"twitter:card\" content=\"summary_large_image\" \/>\n<meta name=\"twitter:creator\" content=\"@turkblogs\" \/>\n<meta name=\"twitter:site\" content=\"@turkblogs\" \/>\n<meta name=\"twitter:label1\" content=\"Yazan:\" \/>\n\t<meta name=\"twitter:data1\" content=\"Erhan \u00d6ZBEN\" \/>\n\t<meta name=\"twitter:label2\" content=\"Tahmini okuma s\u00fcresi\" \/>\n\t<meta name=\"twitter:data2\" content=\"3 dakika\" \/>\n<script type=\"application\/ld+json\" class=\"yoast-schema-graph\">{\"@context\":\"https:\\\/\\\/schema.org\",\"@graph\":[{\"@type\":\"Article\",\"@id\":\"https:\\\/\\\/turkblogs.com\\\/tr\\\/kahve-falinda-agackakan-gormek\\\/#article\",\"isPartOf\":{\"@id\":\"https:\\\/\\\/turkblogs.com\\\/tr\\\/kahve-falinda-agackakan-gormek\\\/\"},\"author\":{\"name\":\"Erhan \u00d6ZBEN\",\"@id\":\"https:\\\/\\\/turkblogs.com\\\/tr\\\/#\\\/schema\\\/person\\\/8a2eaf976251e14ed49c1c2875f127b4\"},\"headline\":\"Falda A\u011fa\u00e7kakan G\u00f6rmek Ne Anlama Gelir?\",\"datePublished\":\"2024-11-29T15:34:30+00:00\",\"dateModified\":\"2024-11-29T15:34:32+00:00\",\"mainEntityOfPage\":{\"@id\":\"https:\\\/\\\/turkblogs.com\\\/tr\\\/kahve-falinda-agackakan-gormek\\\/\"},\"wordCount\":493,\"commentCount\":0,\"publisher\":{\"@id\":\"https:\\\/\\\/turkblogs.com\\\/tr\\\/#organization\"},\"image\":{\"@id\":\"https:\\\/\\\/turkblogs.com\\\/tr\\\/kahve-falinda-agackakan-gormek\\\/#primaryimage\"},\"thumbnailUrl\":\"https:\\\/\\\/turkblogs.com\\\/wp-content\\\/uploads\\\/2024\\\/11\\\/spiritual-meaning-of-pileated-woodpecker-4d885937.webp\",\"keywords\":[\"fal\",\"falda a\u011fa\u00e7kakan \u00e7\u0131kmas\u0131\",\"falda a\u011fa\u00e7kakan g\u00f6rmek\",\"kahve fal\u0131\",\"kahve fal\u0131nda a\u011fa\u00e7kakan \u00e7\u0131kmas\u0131\",\"kahve fal\u0131nda a\u011fa\u00e7kakan g\u00f6rmek\"],\"articleSection\":[\"Ya\u015fam tarz\u0131\"],\"inLanguage\":\"tr\",\"potentialAction\":[{\"@type\":\"CommentAction\",\"name\":\"Comment\",\"target\":[\"https:\\\/\\\/turkblogs.com\\\/tr\\\/kahve-falinda-agackakan-gormek\\\/#respond\"]}]},{\"@type\":\"WebPage\",\"@id\":\"https:\\\/\\\/turkblogs.com\\\/tr\\\/kahve-falinda-agackakan-gormek\\\/\",\"url\":\"https:\\\/\\\/turkblogs.com\\\/tr\\\/kahve-falinda-agackakan-gormek\\\/\",\"name\":\"Falda A\u011fa\u00e7kakan G\u00f6rmek Ne Anlama Gelir? - Turk Blogs\",\"isPartOf\":{\"@id\":\"https:\\\/\\\/turkblogs.com\\\/tr\\\/#website\"},\"primaryImageOfPage\":{\"@id\":\"https:\\\/\\\/turkblogs.com\\\/tr\\\/kahve-falinda-agackakan-gormek\\\/#primaryimage\"},\"image\":{\"@id\":\"https:\\\/\\\/turkblogs.com\\\/tr\\\/kahve-falinda-agackakan-gormek\\\/#primaryimage\"},\"thumbnailUrl\":\"https:\\\/\\\/turkblogs.com\\\/wp-content\\\/uploads\\\/2024\\\/11\\\/spiritual-meaning-of-pileated-woodpecker-4d885937.webp\",\"datePublished\":\"2024-11-29T15:34:30+00:00\",\"dateModified\":\"2024-11-29T15:34:32+00:00\",\"description\":\"Falda a\u011fa\u00e7kakan g\u00f6rmek, azim, sab\u0131r ve kararl\u0131l\u0131\u011f\u0131 simgeler. Bu fig\u00fcr, hayat\u0131n\u0131zdaki f\u0131rsatlara dikkat ederek sab\u0131rla \u00e7al\u0131\u015fman\u0131z gerekti\u011fini i\u015faret eder.\",\"breadcrumb\":{\"@id\":\"https:\\\/\\\/turkblogs.com\\\/tr\\\/kahve-falinda-agackakan-gormek\\\/#breadcrumb\"},\"inLanguage\":\"tr\",\"potentialAction\":[{\"@type\":\"ReadAction\",\"target\":[\"https:\\\/\\\/turkblogs.com\\\/tr\\\/kahve-falinda-agackakan-gormek\\\/\"]}]},{\"@type\":\"ImageObject\",\"inLanguage\":\"tr\",\"@id\":\"https:\\\/\\\/turkblogs.com\\\/tr\\\/kahve-falinda-agackakan-gormek\\\/#primaryimage\",\"url\":\"https:\\\/\\\/turkblogs.com\\\/wp-content\\\/uploads\\\/2024\\\/11\\\/spiritual-meaning-of-pileated-woodpecker-4d885937.webp\",\"contentUrl\":\"https:\\\/\\\/turkblogs.com\\\/wp-content\\\/uploads\\\/2024\\\/11\\\/spiritual-meaning-of-pileated-woodpecker-4d885937.webp\",\"width\":1344,\"height\":768,\"caption\":\"Falda A\u011fa\u00e7kakan G\u00f6rmek\"},{\"@type\":\"BreadcrumbList\",\"@id\":\"https:\\\/\\\/turkblogs.com\\\/tr\\\/kahve-falinda-agackakan-gormek\\\/#breadcrumb\",\"itemListElement\":[{\"@type\":\"ListItem\",\"position\":1,\"name\":\"\u0627\u0644\u0631\u0626\u064a\u0633\u064a\u0629\",\"item\":\"https:\\\/\\\/turkblogs.com\\\/tr\\\/\"},{\"@type\":\"ListItem\",\"position\":2,\"name\":\"Falda A\u011fa\u00e7kakan G\u00f6rmek Ne Anlama Gelir?\"}]},{\"@type\":\"WebSite\",\"@id\":\"https:\\\/\\\/turkblogs.com\\\/tr\\\/#website\",\"url\":\"https:\\\/\\\/turkblogs.com\\\/tr\\\/\",\"name\":\"Turk Blogs\",\"description\":\"Stay informed with Turk Blogs \u2013 your source for the latest news and insights on Turkey and\u00a0global\u00a0events.\",\"publisher\":{\"@id\":\"https:\\\/\\\/turkblogs.com\\\/tr\\\/#organization\"},\"potentialAction\":[{\"@type\":\"SearchAction\",\"target\":{\"@type\":\"EntryPoint\",\"urlTemplate\":\"https:\\\/\\\/turkblogs.com\\\/tr\\\/?s={search_term_string}\"},\"query-input\":{\"@type\":\"PropertyValueSpecification\",\"valueRequired\":true,\"valueName\":\"search_term_string\"}}],\"inLanguage\":\"tr\"},{\"@type\":\"Organization\",\"@id\":\"https:\\\/\\\/turkblogs.com\\\/tr\\\/#organization\",\"name\":\"Turk Blogs\",\"url\":\"https:\\\/\\\/turkblogs.com\\\/tr\\\/\",\"logo\":{\"@type\":\"ImageObject\",\"inLanguage\":\"tr\",\"@id\":\"https:\\\/\\\/turkblogs.com\\\/tr\\\/#\\\/schema\\\/logo\\\/image\\\/\",\"url\":\"https:\\\/\\\/turkblogs.com\\\/wp-content\\\/uploads\\\/2023\\\/11\\\/tr-blogo-logo-icon.png\",\"contentUrl\":\"https:\\\/\\\/turkblogs.com\\\/wp-content\\\/uploads\\\/2023\\\/11\\\/tr-blogo-logo-icon.png\",\"width\":100,\"height\":100,\"caption\":\"Turk Blogs\"},\"image\":{\"@id\":\"https:\\\/\\\/turkblogs.com\\\/tr\\\/#\\\/schema\\\/logo\\\/image\\\/\"},\"sameAs\":[\"https:\\\/\\\/www.facebook.com\\\/profile.php?id=61554105234628\",\"https:\\\/\\\/x.com\\\/turkblogs\"]},{\"@type\":\"Person\",\"@id\":\"https:\\\/\\\/turkblogs.com\\\/tr\\\/#\\\/schema\\\/person\\\/8a2eaf976251e14ed49c1c2875f127b4\",\"name\":\"Erhan \u00d6ZBEN\",\"image\":{\"@type\":\"ImageObject\",\"inLanguage\":\"tr\",\"@id\":\"https:\\\/\\\/secure.gravatar.com\\\/avatar\\\/25b9cf63655c5b08a786cfdeafb5ca0294adae71c82f4b803cef59e139bbd0c5?s=96&d=mm&r=g\",\"url\":\"https:\\\/\\\/secure.gravatar.com\\\/avatar\\\/25b9cf63655c5b08a786cfdeafb5ca0294adae71c82f4b803cef59e139bbd0c5?s=96&d=mm&r=g\",\"contentUrl\":\"https:\\\/\\\/secure.gravatar.com\\\/avatar\\\/25b9cf63655c5b08a786cfdeafb5ca0294adae71c82f4b803cef59e139bbd0c5?s=96&d=mm&r=g\",\"caption\":\"Erhan \u00d6ZBEN\"},\"sameAs\":[\"https:\\\/\\\/turkblogs.com\\\/\"],\"url\":\"https:\\\/\\\/turkblogs.com\\\/tr\\\/author\\\/erhanozben\\\/\"}]}<\/script>\n<!-- \/ Yoast SEO plugin. -->","yoast_head_json":{"title":"Falda A\u011fa\u00e7kakan G\u00f6rmek Ne Anlama Gelir? - Turk Blogs","description":"Falda a\u011fa\u00e7kakan g\u00f6rmek, azim, sab\u0131r ve kararl\u0131l\u0131\u011f\u0131 simgeler. Bu fig\u00fcr, hayat\u0131n\u0131zdaki f\u0131rsatlara dikkat ederek sab\u0131rla \u00e7al\u0131\u015fman\u0131z gerekti\u011fini i\u015faret eder.","robots":{"index":"index","follow":"follow","max-snippet":"max-snippet:-1","max-image-preview":"max-image-preview:large","max-video-preview":"max-video-preview:-1"},"canonical":"https:\/\/turkblogs.com\/tr\/kahve-falinda-agackakan-gormek\/","og_locale":"tr_TR","og_type":"article","og_title":"Falda A\u011fa\u00e7kakan G\u00f6rmek Ne Anlama Gelir? - Turk Blogs","og_description":"Falda a\u011fa\u00e7kakan g\u00f6rmek, azim, sab\u0131r ve kararl\u0131l\u0131\u011f\u0131 simgeler. Bu fig\u00fcr, hayat\u0131n\u0131zdaki f\u0131rsatlara dikkat ederek sab\u0131rla \u00e7al\u0131\u015fman\u0131z gerekti\u011fini i\u015faret eder.","og_url":"https:\/\/turkblogs.com\/tr\/kahve-falinda-agackakan-gormek\/","og_site_name":"Turk Blogs","article_publisher":"https:\/\/www.facebook.com\/profile.php?id=61554105234628","article_published_time":"2024-11-29T15:34:30+00:00","article_modified_time":"2024-11-29T15:34:32+00:00","og_image":[{"width":1344,"height":768,"url":"https:\/\/turkblogs.com\/wp-content\/uploads\/2024\/11\/spiritual-meaning-of-pileated-woodpecker-4d885937.webp","type":"image\/webp"}],"author":"Erhan \u00d6ZBEN","twitter_card":"summary_large_image","twitter_creator":"@turkblogs","twitter_site":"@turkblogs","twitter_misc":{"Yazan:":"Erhan \u00d6ZBEN","Tahmini okuma s\u00fcresi":"3 dakika"},"schema":{"@context":"https:\/\/schema.org","@graph":[{"@type":"Article","@id":"https:\/\/turkblogs.com\/tr\/kahve-falinda-agackakan-gormek\/#article","isPartOf":{"@id":"https:\/\/turkblogs.com\/tr\/kahve-falinda-agackakan-gormek\/"},"author":{"name":"Erhan \u00d6ZBEN","@id":"https:\/\/turkblogs.com\/tr\/#\/schema\/person\/8a2eaf976251e14ed49c1c2875f127b4"},"headline":"Falda A\u011fa\u00e7kakan G\u00f6rmek Ne Anlama Gelir?","datePublished":"2024-11-29T15:34:30+00:00","dateModified":"2024-11-29T15:34:32+00:00","mainEntityOfPage":{"@id":"https:\/\/turkblogs.com\/tr\/kahve-falinda-agackakan-gormek\/"},"wordCount":493,"commentCount":0,"publisher":{"@id":"https:\/\/turkblogs.com\/tr\/#organization"},"image":{"@id":"https:\/\/turkblogs.com\/tr\/kahve-falinda-agackakan-gormek\/#primaryimage"},"thumbnailUrl":"https:\/\/turkblogs.com\/wp-content\/uploads\/2024\/11\/spiritual-meaning-of-pileated-woodpecker-4d885937.webp","keywords":["fal","falda a\u011fa\u00e7kakan \u00e7\u0131kmas\u0131","falda a\u011fa\u00e7kakan g\u00f6rmek","kahve fal\u0131","kahve fal\u0131nda a\u011fa\u00e7kakan \u00e7\u0131kmas\u0131","kahve fal\u0131nda a\u011fa\u00e7kakan g\u00f6rmek"],"articleSection":["Ya\u015fam tarz\u0131"],"inLanguage":"tr","potentialAction":[{"@type":"CommentAction","name":"Comment","target":["https:\/\/turkblogs.com\/tr\/kahve-falinda-agackakan-gormek\/#respond"]}]},{"@type":"WebPage","@id":"https:\/\/turkblogs.com\/tr\/kahve-falinda-agackakan-gormek\/","url":"https:\/\/turkblogs.com\/tr\/kahve-falinda-agackakan-gormek\/","name":"Falda A\u011fa\u00e7kakan G\u00f6rmek Ne Anlama Gelir? - Turk Blogs","isPartOf":{"@id":"https:\/\/turkblogs.com\/tr\/#website"},"primaryImageOfPage":{"@id":"https:\/\/turkblogs.com\/tr\/kahve-falinda-agackakan-gormek\/#primaryimage"},"image":{"@id":"https:\/\/turkblogs.com\/tr\/kahve-falinda-agackakan-gormek\/#primaryimage"},"thumbnailUrl":"https:\/\/turkblogs.com\/wp-content\/uploads\/2024\/11\/spiritual-meaning-of-pileated-woodpecker-4d885937.webp","datePublished":"2024-11-29T15:34:30+00:00","dateModified":"2024-11-29T15:34:32+00:00","description":"Falda a\u011fa\u00e7kakan g\u00f6rmek, azim, sab\u0131r ve kararl\u0131l\u0131\u011f\u0131 simgeler. Bu fig\u00fcr, hayat\u0131n\u0131zdaki f\u0131rsatlara dikkat ederek sab\u0131rla \u00e7al\u0131\u015fman\u0131z gerekti\u011fini i\u015faret eder.","breadcrumb":{"@id":"https:\/\/turkblogs.com\/tr\/kahve-falinda-agackakan-gormek\/#breadcrumb"},"inLanguage":"tr","potentialAction":[{"@type":"ReadAction","target":["https:\/\/turkblogs.com\/tr\/kahve-falinda-agackakan-gormek\/"]}]},{"@type":"ImageObject","inLanguage":"tr","@id":"https:\/\/turkblogs.com\/tr\/kahve-falinda-agackakan-gormek\/#primaryimage","url":"https:\/\/turkblogs.com\/wp-content\/uploads\/2024\/11\/spiritual-meaning-of-pileated-woodpecker-4d885937.webp","contentUrl":"https:\/\/turkblogs.com\/wp-content\/uploads\/2024\/11\/spiritual-meaning-of-pileated-woodpecker-4d885937.webp","width":1344,"height":768,"caption":"Falda A\u011fa\u00e7kakan G\u00f6rmek"},{"@type":"BreadcrumbList","@id":"https:\/\/turkblogs.com\/tr\/kahve-falinda-agackakan-gormek\/#breadcrumb","itemListElement":[{"@type":"ListItem","position":1,"name":"\u0627\u0644\u0631\u0626\u064a\u0633\u064a\u0629","item":"https:\/\/turkblogs.com\/tr\/"},{"@type":"ListItem","position":2,"name":"Falda A\u011fa\u00e7kakan G\u00f6rmek Ne Anlama Gelir?"}]},{"@type":"WebSite","@id":"https:\/\/turkblogs.com\/tr\/#website","url":"https:\/\/turkblogs.com\/tr\/","name":"Turk Blogs","description":"Stay informed with Turk Blogs \u2013 your source for the latest news and insights on Turkey and\u00a0global\u00a0events.","publisher":{"@id":"https:\/\/turkblogs.com\/tr\/#organization"},"potentialAction":[{"@type":"SearchAction","target":{"@type":"EntryPoint","urlTemplate":"https:\/\/turkblogs.com\/tr\/?s={search_term_string}"},"query-input":{"@type":"PropertyValueSpecification","valueRequired":true,"valueName":"search_term_string"}}],"inLanguage":"tr"},{"@type":"Organization","@id":"https:\/\/turkblogs.com\/tr\/#organization","name":"Turk Blogs","url":"https:\/\/turkblogs.com\/tr\/","logo":{"@type":"ImageObject","inLanguage":"tr","@id":"https:\/\/turkblogs.com\/tr\/#\/schema\/logo\/image\/","url":"https:\/\/turkblogs.com\/wp-content\/uploads\/2023\/11\/tr-blogo-logo-icon.png","contentUrl":"https:\/\/turkblogs.com\/wp-content\/uploads\/2023\/11\/tr-blogo-logo-icon.png","width":100,"height":100,"caption":"Turk Blogs"},"image":{"@id":"https:\/\/turkblogs.com\/tr\/#\/schema\/logo\/image\/"},"sameAs":["https:\/\/www.facebook.com\/profile.php?id=61554105234628","https:\/\/x.com\/turkblogs"]},{"@type":"Person","@id":"https:\/\/turkblogs.com\/tr\/#\/schema\/person\/8a2eaf976251e14ed49c1c2875f127b4","name":"Erhan \u00d6ZBEN","image":{"@type":"ImageObject","inLanguage":"tr","@id":"https:\/\/secure.gravatar.com\/avatar\/25b9cf63655c5b08a786cfdeafb5ca0294adae71c82f4b803cef59e139bbd0c5?s=96&d=mm&r=g","url":"https:\/\/secure.gravatar.com\/avatar\/25b9cf63655c5b08a786cfdeafb5ca0294adae71c82f4b803cef59e139bbd0c5?s=96&d=mm&r=g","contentUrl":"https:\/\/secure.gravatar.com\/avatar\/25b9cf63655c5b08a786cfdeafb5ca0294adae71c82f4b803cef59e139bbd0c5?s=96&d=mm&r=g","caption":"Erhan \u00d6ZBEN"},"sameAs":["https:\/\/turkblogs.com\/"],"url":"https:\/\/turkblogs.com\/tr\/author\/erhanozben\/"}]}},"_links":{"self":[{"href":"https:\/\/turkblogs.com\/tr\/wp-json\/wp\/v2\/posts\/16022","targetHints":{"allow":["GET"]}}],"collection":[{"href":"https:\/\/turkblogs.com\/tr\/wp-json\/wp\/v2\/posts"}],"about":[{"href":"https:\/\/turkblogs.com\/tr\/wp-json\/wp\/v2\/types\/post"}],"author":[{"embeddable":true,"href":"https:\/\/turkblogs.com\/tr\/wp-json\/wp\/v2\/users\/2"}],"replies":[{"embeddable":true,"href":"https:\/\/turkblogs.com\/tr\/wp-json\/wp\/v2\/comments?post=16022"}],"version-history":[{"count":1,"href":"https:\/\/turkblogs.com\/tr\/wp-json\/wp\/v2\/posts\/16022\/revisions"}],"predecessor-version":[{"id":16026,"href":"https:\/\/turkblogs.com\/tr\/wp-json\/wp\/v2\/posts\/16022\/revisions\/16026"}],"wp:featuredmedia":[{"embeddable":true,"href":"https:\/\/turkblogs.com\/tr\/wp-json\/wp\/v2\/media\/16023"}],"wp:attachment":[{"href":"https:\/\/turkblogs.com\/tr\/wp-json\/wp\/v2\/media?parent=16022"}],"wp:term":[{"taxonomy":"category","embeddable":true,"href":"https:\/\/turkblogs.com\/tr\/wp-json\/wp\/v2\/categories?post=16022"},{"taxonomy":"post_tag","embeddable":true,"href":"https:\/\/turkblogs.com\/tr\/wp-json\/wp\/v2\/tags?post=16022"}],"curies":[{"name":"wp","href":"https:\/\/api.w.org\/{rel}","templated":true}]}}