{"id":15792,"date":"2024-11-26T17:42:57","date_gmt":"2024-11-26T17:42:57","guid":{"rendered":"https:\/\/turkblogs.com\/?p=15792"},"modified":"2024-11-26T17:42:58","modified_gmt":"2024-11-26T17:42:58","slug":"kahve-falinda-ay-gormek","status":"publish","type":"post","link":"https:\/\/turkblogs.com\/tr\/kahve-falinda-ay-gormek\/","title":{"rendered":"Falda Ay G\u00f6rmek Ne Anlama Gelir?"},"content":{"rendered":"\n<p>Falda ay g\u00f6rmek, ruhsal anlamlar ve duygusal derinliklerle ili\u015fkilendirilen \u00f6nemli bir sembold\u00fcr. Ay fig\u00fcr\u00fc, ki\u015finin i\u00e7 d\u00fcnyas\u0131nda bir de\u011fi\u015fim veya fark\u0131ndal\u0131k ya\u015fayaca\u011f\u0131na i\u015faret eder. Bu sembol, genellikle huzur, sezgilerde g\u00fc\u00e7lenme ve duygusal dengelerin kurulmas\u0131yla ba\u011fda\u015ft\u0131r\u0131l\u0131r. Fal sahibinin hayat\u0131nda bir denge aray\u0131\u015f\u0131 i\u00e7inde olabilece\u011fi veya hayal g\u00fcc\u00fcn\u00fc harekete ge\u00e7irecek bir d\u00f6nemin ba\u015flayaca\u011f\u0131 anlam\u0131na gelir.<\/p>\n\n\n\n<p>Ay fig\u00fcr\u00fc, farkl\u0131 \u015fekillerde ortaya \u00e7\u0131kabilir. \u00d6rne\u011fin dolunay, tamamlanm\u0131\u015f bir d\u00f6ng\u00fcy\u00fc ve ba\u015far\u0131y\u0131 simgelerken, hilal \u015feklinde bir ay, yeni ba\u015flang\u0131\u00e7lar\u0131n ve umutlar\u0131n habercisidir. Bu fig\u00fcr, duygusal yolculuklar ve i\u00e7sel ke\u015fiflerle yak\u0131ndan ili\u015fkilidir.<\/p>\n\n\n\n<h2 class=\"wp-block-heading\" id=\"h-kahve-falinda-ay-gormek-ne-demek\"><strong>Kahve Fal\u0131nda Ay G\u00f6rmek Ne Demek?<\/strong><\/h2>\n\n\n\n<p>Kahve fal\u0131nda ay g\u00f6rmek, fal sahibinin ya\u015fam\u0131ndaki \u00f6nemli bir d\u00f6neme\u00e7ten ge\u00e7ti\u011fini g\u00f6sterebilir. Bu sembol, genellikle ki\u015finin sezgilerine daha fazla g\u00fcvenmesi gerekti\u011fini i\u015faret eder. Dolunay \u015feklinde bir ay g\u00f6rmek, ki\u015finin emeklerinin kar\u015f\u0131l\u0131\u011f\u0131n\u0131 alaca\u011f\u0131n\u0131 ve hayat\u0131nda bir zirve noktas\u0131na ula\u015faca\u011f\u0131n\u0131 belirtir.<\/p>\n\n\n\n<p>Hilal \u015feklindeki bir ay ise umut dolu ba\u015flang\u0131\u00e7lar\u0131 ve ki\u015fisel geli\u015fim f\u0131rsatlar\u0131n\u0131 i\u015faret eder. Ay fig\u00fcr\u00fc yan\u0131nda y\u0131ld\u0131zlar varsa, bu, manevi rehberlik veya i\u00e7sel ayd\u0131nlanma anlam\u0131na gelir. Ay\u0131n parlakl\u0131\u011f\u0131 ve \u015fekli, yorumun y\u00f6n\u00fcn\u00fc belirler; net ve parlak bir ay, olumlu geli\u015fmelerin habercisiyken, bulan\u0131k bir ay bir s\u00fcre belirsizlik ya\u015fanaca\u011f\u0131n\u0131 g\u00f6sterir.<\/p>\n\n\n\n<figure class=\"wp-block-image size-full is-resized\"><img loading=\"lazy\" decoding=\"async\" width=\"1024\" height=\"576\" src=\"https:\/\/turkblogs.com\/wp-content\/uploads\/2024\/11\/moon-dream-meaning1-1024x576-1.webp\" alt=\"Falda Ay G\u00f6rmek\" class=\"wp-image-15793\" style=\"width:1068px;height:auto\" srcset=\"https:\/\/turkblogs.com\/wp-content\/uploads\/2024\/11\/moon-dream-meaning1-1024x576-1.webp 1024w, https:\/\/turkblogs.com\/wp-content\/uploads\/2024\/11\/moon-dream-meaning1-1024x576-1-300x169.webp 300w, https:\/\/turkblogs.com\/wp-content\/uploads\/2024\/11\/moon-dream-meaning1-1024x576-1-768x432.webp 768w, https:\/\/turkblogs.com\/wp-content\/uploads\/2024\/11\/moon-dream-meaning1-1024x576-1-747x420.webp 747w, https:\/\/turkblogs.com\/wp-content\/uploads\/2024\/11\/moon-dream-meaning1-1024x576-1-696x392.webp 696w\" sizes=\"auto, (max-width: 1024px) 100vw, 1024px\" \/><\/figure>\n\n\n\n<h2 class=\"wp-block-heading\" id=\"h-falda-ay-gorulmesi-nasil-yorumlanir\"><strong>Falda Ay G\u00f6r\u00fclmesi Nas\u0131l Yorumlan\u0131r?<\/strong><\/h2>\n\n\n\n<p>Ay fig\u00fcr\u00fc, fal sahibinin i\u00e7 d\u00fcnyas\u0131na \u0131\u015f\u0131k tutar. Falda ay g\u00f6rmek, ki\u015finin sezgisel g\u00fcc\u00fcn\u00fc ke\u015ffetmesi ve duygusal dengelerini bulmas\u0131 gerekti\u011fine i\u015faret eder. E\u011fer ay fincan\u0131n \u00fcst k\u0131sm\u0131nda belirdiyse, hayat\u0131n\u0131za yak\u0131n zamanda \u00f6nemli bir fark\u0131ndal\u0131k veya ayd\u0131nlanma girebilir.<\/p>\n\n\n\n<p>Ay\u0131n yan\u0131nda bulutlar varsa, bu, bir s\u00fcre karars\u0131zl\u0131k veya duygusal dalgalanmalar ya\u015fayabilece\u011finizi ancak sonunda huzura kavu\u015faca\u011f\u0131n\u0131z\u0131 g\u00f6sterir. E\u011fer ay deniz gibi bir fig\u00fcrle birlikte g\u00f6r\u00fcn\u00fcyorsa, duygular\u0131n\u0131z\u0131n derinli\u011fine dalman\u0131z ve duygusal olarak kendinizi iyile\u015ftirmeniz gerekti\u011fini simgeler.<\/p>\n\n\n\n<figure class=\"wp-block-image size-full is-resized\"><img loading=\"lazy\" decoding=\"async\" width=\"800\" height=\"500\" src=\"https:\/\/turkblogs.com\/wp-content\/uploads\/2024\/11\/b93b542a-2a10-4cea-b143-2735718bffff.jpg\" alt=\"Falda Ay G\u00f6rmek\" class=\"wp-image-15796\" style=\"width:1068px;height:auto\" srcset=\"https:\/\/turkblogs.com\/wp-content\/uploads\/2024\/11\/b93b542a-2a10-4cea-b143-2735718bffff.jpg 800w, https:\/\/turkblogs.com\/wp-content\/uploads\/2024\/11\/b93b542a-2a10-4cea-b143-2735718bffff-300x188.jpg 300w, https:\/\/turkblogs.com\/wp-content\/uploads\/2024\/11\/b93b542a-2a10-4cea-b143-2735718bffff-768x480.jpg 768w, https:\/\/turkblogs.com\/wp-content\/uploads\/2024\/11\/b93b542a-2a10-4cea-b143-2735718bffff-672x420.jpg 672w, https:\/\/turkblogs.com\/wp-content\/uploads\/2024\/11\/b93b542a-2a10-4cea-b143-2735718bffff-696x435.jpg 696w\" sizes=\"auto, (max-width: 800px) 100vw, 800px\" \/><\/figure>\n\n\n\n<h2 class=\"wp-block-heading\" id=\"h-ay-figurunun-psikolojik-ve-tarihsel-anlamlari\"><strong>Ay Fig\u00fcr\u00fcn\u00fcn Psikolojik ve Tarihsel Anlamlar\u0131<\/strong><\/h2>\n\n\n\n<p>Psikolojik olarak ay, bilin\u00e7alt\u0131n\u0131n ve hayal g\u00fcc\u00fcn\u00fcn sembol\u00fcd\u00fcr. Falda ay g\u00f6rmek, ki\u015finin i\u00e7 d\u00fcnyas\u0131n\u0131 ke\u015ffetmesi, duygular\u0131yla y\u00fczle\u015fmesi ve sezgilerini g\u00fc\u00e7lendirmesi gerekti\u011fine i\u015faret eder. Bu sembol, ayn\u0131 zamanda duygusal hassasiyeti ve yarat\u0131c\u0131l\u0131\u011f\u0131 tetikleyebilir.<\/p>\n\n\n\n<p>Tarihsel olarak ay, bir\u00e7ok k\u00fclt\u00fcrde kutsal bir fig\u00fcrd\u00fcr. Antik medeniyetlerde ay, d\u00f6ng\u00fcleriyle ya\u015fam\u0131n d\u00f6ng\u00fcs\u00fcn\u00fc temsil ederdi. Hilal ve dolunay sembolleri, b\u00fcy\u00fcme ve tamamlanma s\u00fcre\u00e7lerini ifade eder. Kahve fal\u0131nda ay g\u00f6rmek, ki\u015finin hayat\u0131nda bu d\u00f6ng\u00fclerden birini ya\u015fad\u0131\u011f\u0131n\u0131 ve kendini yeniden ke\u015ffedece\u011fini g\u00f6sterebilir.<\/p>\n\n\n\n<p>\u201cFalda Ay G\u00f6rmek Ne Anlama Gelir?\u201d adl\u0131 makalemizi be\u011fendiyseniz ve kahve fal\u0131 simgeleri hakk\u0131nda daha fazla bilgi almak isterseniz l\u00fctfen\u00a0<a href=\"https:\/\/turkblogs.com\/tr\/\">TurkBlogs<\/a>\u00a0ana sayfam\u0131z\u0131 ziyaret ediniz.<\/p>\n","protected":false},"excerpt":{"rendered":"<p>Falda ay g\u00f6rmek, ruhsal anlamlar ve duygusal derinliklerle ili\u015fkilendirilen \u00f6nemli bir sembold\u00fcr. Ay fig\u00fcr\u00fc, ki\u015finin i\u00e7 d\u00fcnyas\u0131nda bir de\u011fi\u015fim veya fark\u0131ndal\u0131k ya\u015fayaca\u011f\u0131na i\u015faret eder. Bu sembol, genellikle huzur, sezgilerde g\u00fc\u00e7lenme ve duygusal dengelerin kurulmas\u0131yla ba\u011fda\u015ft\u0131r\u0131l\u0131r. Fal sahibinin hayat\u0131nda bir denge aray\u0131\u015f\u0131 i\u00e7inde olabilece\u011fi veya hayal g\u00fcc\u00fcn\u00fc harekete ge\u00e7irecek bir d\u00f6nemin ba\u015flayaca\u011f\u0131 anlam\u0131na gelir. Ay fig\u00fcr\u00fc, [&hellip;]<\/p>\n","protected":false},"author":2,"featured_media":15799,"comment_status":"open","ping_status":"open","sticky":false,"template":"","format":"standard","meta":{"footnotes":""},"categories":[61],"tags":[4668,5611,5610,4654,5612,5613],"class_list":{"0":"post-15792","1":"post","2":"type-post","3":"status-publish","4":"format-standard","5":"has-post-thumbnail","7":"category-yasam-tarzi","8":"tag-fal","9":"tag-falda-ay-cikmasi","10":"tag-falda-ay-gormek","11":"tag-kahve-fali","12":"tag-kahve-falinda-ay-cikmasi","13":"tag-kahve-falinda-ay-gormek"},"yoast_head":"<!-- This site is optimized with the Yoast SEO plugin v27.4 - https:\/\/yoast.com\/product\/yoast-seo-wordpress\/ -->\n<title>Falda Ay G\u00f6rmek Ne Anlama Gelir? - Turk Blogs<\/title>\n<meta name=\"description\" content=\"Kahve fal\u0131nda ay g\u00f6rmek, sezgisel g\u00fc\u00e7lenme, duygusal denge ve yeni ba\u015flang\u0131\u00e7lar\u0131n i\u015faretidir. Detaylar makalemizde!\" \/>\n<meta name=\"robots\" content=\"index, follow, max-snippet:-1, max-image-preview:large, max-video-preview:-1\" \/>\n<link rel=\"canonical\" href=\"https:\/\/turkblogs.com\/tr\/kahve-falinda-ay-gormek\/\" \/>\n<meta property=\"og:locale\" content=\"tr_TR\" \/>\n<meta property=\"og:type\" content=\"article\" \/>\n<meta property=\"og:title\" content=\"Falda Ay G\u00f6rmek Ne Anlama Gelir? - Turk Blogs\" \/>\n<meta property=\"og:description\" content=\"Kahve fal\u0131nda ay g\u00f6rmek, sezgisel g\u00fc\u00e7lenme, duygusal denge ve yeni ba\u015flang\u0131\u00e7lar\u0131n i\u015faretidir. Detaylar makalemizde!\" \/>\n<meta property=\"og:url\" content=\"https:\/\/turkblogs.com\/tr\/kahve-falinda-ay-gormek\/\" \/>\n<meta property=\"og:site_name\" content=\"Turk Blogs\" \/>\n<meta property=\"article:publisher\" content=\"https:\/\/www.facebook.com\/profile.php?id=61554105234628\" \/>\n<meta property=\"article:published_time\" content=\"2024-11-26T17:42:57+00:00\" \/>\n<meta property=\"article:modified_time\" content=\"2024-11-26T17:42:58+00:00\" \/>\n<meta property=\"og:image\" content=\"https:\/\/turkblogs.com\/wp-content\/uploads\/2024\/11\/dream-of-lunar-eclipse.jpg.webp\" \/>\n\t<meta property=\"og:image:width\" content=\"1344\" \/>\n\t<meta property=\"og:image:height\" content=\"768\" \/>\n\t<meta property=\"og:image:type\" content=\"image\/webp\" \/>\n<meta name=\"author\" content=\"Erhan \u00d6ZBEN\" \/>\n<meta name=\"twitter:card\" content=\"summary_large_image\" \/>\n<meta name=\"twitter:creator\" content=\"@turkblogs\" \/>\n<meta name=\"twitter:site\" content=\"@turkblogs\" \/>\n<meta name=\"twitter:label1\" content=\"Yazan:\" \/>\n\t<meta name=\"twitter:data1\" content=\"Erhan \u00d6ZBEN\" \/>\n\t<meta name=\"twitter:label2\" content=\"Tahmini okuma s\u00fcresi\" \/>\n\t<meta name=\"twitter:data2\" content=\"3 dakika\" \/>\n<script type=\"application\/ld+json\" class=\"yoast-schema-graph\">{\"@context\":\"https:\\\/\\\/schema.org\",\"@graph\":[{\"@type\":\"Article\",\"@id\":\"https:\\\/\\\/turkblogs.com\\\/tr\\\/kahve-falinda-ay-gormek\\\/#article\",\"isPartOf\":{\"@id\":\"https:\\\/\\\/turkblogs.com\\\/tr\\\/kahve-falinda-ay-gormek\\\/\"},\"author\":{\"name\":\"Erhan \u00d6ZBEN\",\"@id\":\"https:\\\/\\\/turkblogs.com\\\/tr\\\/#\\\/schema\\\/person\\\/8a2eaf976251e14ed49c1c2875f127b4\"},\"headline\":\"Falda Ay G\u00f6rmek Ne Anlama Gelir?\",\"datePublished\":\"2024-11-26T17:42:57+00:00\",\"dateModified\":\"2024-11-26T17:42:58+00:00\",\"mainEntityOfPage\":{\"@id\":\"https:\\\/\\\/turkblogs.com\\\/tr\\\/kahve-falinda-ay-gormek\\\/\"},\"wordCount\":563,\"commentCount\":0,\"publisher\":{\"@id\":\"https:\\\/\\\/turkblogs.com\\\/tr\\\/#organization\"},\"image\":{\"@id\":\"https:\\\/\\\/turkblogs.com\\\/tr\\\/kahve-falinda-ay-gormek\\\/#primaryimage\"},\"thumbnailUrl\":\"https:\\\/\\\/turkblogs.com\\\/wp-content\\\/uploads\\\/2024\\\/11\\\/dream-of-lunar-eclipse.jpg.webp\",\"keywords\":[\"fal\",\"falda ay \u00e7\u0131kmas\u0131\",\"falda ay g\u00f6rmek\",\"kahve fal\u0131\",\"kahve fal\u0131nda ay \u00e7\u0131kmas\u0131\",\"kahve fal\u0131nda ay g\u00f6rmek\"],\"articleSection\":[\"Ya\u015fam tarz\u0131\"],\"inLanguage\":\"tr\",\"potentialAction\":[{\"@type\":\"CommentAction\",\"name\":\"Comment\",\"target\":[\"https:\\\/\\\/turkblogs.com\\\/tr\\\/kahve-falinda-ay-gormek\\\/#respond\"]}]},{\"@type\":\"WebPage\",\"@id\":\"https:\\\/\\\/turkblogs.com\\\/tr\\\/kahve-falinda-ay-gormek\\\/\",\"url\":\"https:\\\/\\\/turkblogs.com\\\/tr\\\/kahve-falinda-ay-gormek\\\/\",\"name\":\"Falda Ay G\u00f6rmek Ne Anlama Gelir? - Turk Blogs\",\"isPartOf\":{\"@id\":\"https:\\\/\\\/turkblogs.com\\\/tr\\\/#website\"},\"primaryImageOfPage\":{\"@id\":\"https:\\\/\\\/turkblogs.com\\\/tr\\\/kahve-falinda-ay-gormek\\\/#primaryimage\"},\"image\":{\"@id\":\"https:\\\/\\\/turkblogs.com\\\/tr\\\/kahve-falinda-ay-gormek\\\/#primaryimage\"},\"thumbnailUrl\":\"https:\\\/\\\/turkblogs.com\\\/wp-content\\\/uploads\\\/2024\\\/11\\\/dream-of-lunar-eclipse.jpg.webp\",\"datePublished\":\"2024-11-26T17:42:57+00:00\",\"dateModified\":\"2024-11-26T17:42:58+00:00\",\"description\":\"Kahve fal\u0131nda ay g\u00f6rmek, sezgisel g\u00fc\u00e7lenme, duygusal denge ve yeni ba\u015flang\u0131\u00e7lar\u0131n i\u015faretidir. Detaylar makalemizde!\",\"breadcrumb\":{\"@id\":\"https:\\\/\\\/turkblogs.com\\\/tr\\\/kahve-falinda-ay-gormek\\\/#breadcrumb\"},\"inLanguage\":\"tr\",\"potentialAction\":[{\"@type\":\"ReadAction\",\"target\":[\"https:\\\/\\\/turkblogs.com\\\/tr\\\/kahve-falinda-ay-gormek\\\/\"]}]},{\"@type\":\"ImageObject\",\"inLanguage\":\"tr\",\"@id\":\"https:\\\/\\\/turkblogs.com\\\/tr\\\/kahve-falinda-ay-gormek\\\/#primaryimage\",\"url\":\"https:\\\/\\\/turkblogs.com\\\/wp-content\\\/uploads\\\/2024\\\/11\\\/dream-of-lunar-eclipse.jpg.webp\",\"contentUrl\":\"https:\\\/\\\/turkblogs.com\\\/wp-content\\\/uploads\\\/2024\\\/11\\\/dream-of-lunar-eclipse.jpg.webp\",\"width\":1344,\"height\":768,\"caption\":\"Falda Ay G\u00f6rmek\"},{\"@type\":\"BreadcrumbList\",\"@id\":\"https:\\\/\\\/turkblogs.com\\\/tr\\\/kahve-falinda-ay-gormek\\\/#breadcrumb\",\"itemListElement\":[{\"@type\":\"ListItem\",\"position\":1,\"name\":\"\u0627\u0644\u0631\u0626\u064a\u0633\u064a\u0629\",\"item\":\"https:\\\/\\\/turkblogs.com\\\/tr\\\/\"},{\"@type\":\"ListItem\",\"position\":2,\"name\":\"Falda Ay G\u00f6rmek Ne Anlama Gelir?\"}]},{\"@type\":\"WebSite\",\"@id\":\"https:\\\/\\\/turkblogs.com\\\/tr\\\/#website\",\"url\":\"https:\\\/\\\/turkblogs.com\\\/tr\\\/\",\"name\":\"Turk Blogs\",\"description\":\"Stay informed with Turk Blogs \u2013 your source for the latest news and insights on Turkey and\u00a0global\u00a0events.\",\"publisher\":{\"@id\":\"https:\\\/\\\/turkblogs.com\\\/tr\\\/#organization\"},\"potentialAction\":[{\"@type\":\"SearchAction\",\"target\":{\"@type\":\"EntryPoint\",\"urlTemplate\":\"https:\\\/\\\/turkblogs.com\\\/tr\\\/?s={search_term_string}\"},\"query-input\":{\"@type\":\"PropertyValueSpecification\",\"valueRequired\":true,\"valueName\":\"search_term_string\"}}],\"inLanguage\":\"tr\"},{\"@type\":\"Organization\",\"@id\":\"https:\\\/\\\/turkblogs.com\\\/tr\\\/#organization\",\"name\":\"Turk Blogs\",\"url\":\"https:\\\/\\\/turkblogs.com\\\/tr\\\/\",\"logo\":{\"@type\":\"ImageObject\",\"inLanguage\":\"tr\",\"@id\":\"https:\\\/\\\/turkblogs.com\\\/tr\\\/#\\\/schema\\\/logo\\\/image\\\/\",\"url\":\"https:\\\/\\\/turkblogs.com\\\/wp-content\\\/uploads\\\/2023\\\/11\\\/tr-blogo-logo-icon.png\",\"contentUrl\":\"https:\\\/\\\/turkblogs.com\\\/wp-content\\\/uploads\\\/2023\\\/11\\\/tr-blogo-logo-icon.png\",\"width\":100,\"height\":100,\"caption\":\"Turk Blogs\"},\"image\":{\"@id\":\"https:\\\/\\\/turkblogs.com\\\/tr\\\/#\\\/schema\\\/logo\\\/image\\\/\"},\"sameAs\":[\"https:\\\/\\\/www.facebook.com\\\/profile.php?id=61554105234628\",\"https:\\\/\\\/x.com\\\/turkblogs\"]},{\"@type\":\"Person\",\"@id\":\"https:\\\/\\\/turkblogs.com\\\/tr\\\/#\\\/schema\\\/person\\\/8a2eaf976251e14ed49c1c2875f127b4\",\"name\":\"Erhan \u00d6ZBEN\",\"image\":{\"@type\":\"ImageObject\",\"inLanguage\":\"tr\",\"@id\":\"https:\\\/\\\/secure.gravatar.com\\\/avatar\\\/25b9cf63655c5b08a786cfdeafb5ca0294adae71c82f4b803cef59e139bbd0c5?s=96&d=mm&r=g\",\"url\":\"https:\\\/\\\/secure.gravatar.com\\\/avatar\\\/25b9cf63655c5b08a786cfdeafb5ca0294adae71c82f4b803cef59e139bbd0c5?s=96&d=mm&r=g\",\"contentUrl\":\"https:\\\/\\\/secure.gravatar.com\\\/avatar\\\/25b9cf63655c5b08a786cfdeafb5ca0294adae71c82f4b803cef59e139bbd0c5?s=96&d=mm&r=g\",\"caption\":\"Erhan \u00d6ZBEN\"},\"sameAs\":[\"https:\\\/\\\/turkblogs.com\\\/\"],\"url\":\"https:\\\/\\\/turkblogs.com\\\/tr\\\/author\\\/erhanozben\\\/\"}]}<\/script>\n<!-- \/ Yoast SEO plugin. -->","yoast_head_json":{"title":"Falda Ay G\u00f6rmek Ne Anlama Gelir? - Turk Blogs","description":"Kahve fal\u0131nda ay g\u00f6rmek, sezgisel g\u00fc\u00e7lenme, duygusal denge ve yeni ba\u015flang\u0131\u00e7lar\u0131n i\u015faretidir. Detaylar makalemizde!","robots":{"index":"index","follow":"follow","max-snippet":"max-snippet:-1","max-image-preview":"max-image-preview:large","max-video-preview":"max-video-preview:-1"},"canonical":"https:\/\/turkblogs.com\/tr\/kahve-falinda-ay-gormek\/","og_locale":"tr_TR","og_type":"article","og_title":"Falda Ay G\u00f6rmek Ne Anlama Gelir? - Turk Blogs","og_description":"Kahve fal\u0131nda ay g\u00f6rmek, sezgisel g\u00fc\u00e7lenme, duygusal denge ve yeni ba\u015flang\u0131\u00e7lar\u0131n i\u015faretidir. Detaylar makalemizde!","og_url":"https:\/\/turkblogs.com\/tr\/kahve-falinda-ay-gormek\/","og_site_name":"Turk Blogs","article_publisher":"https:\/\/www.facebook.com\/profile.php?id=61554105234628","article_published_time":"2024-11-26T17:42:57+00:00","article_modified_time":"2024-11-26T17:42:58+00:00","og_image":[{"width":1344,"height":768,"url":"https:\/\/turkblogs.com\/wp-content\/uploads\/2024\/11\/dream-of-lunar-eclipse.jpg.webp","type":"image\/webp"}],"author":"Erhan \u00d6ZBEN","twitter_card":"summary_large_image","twitter_creator":"@turkblogs","twitter_site":"@turkblogs","twitter_misc":{"Yazan:":"Erhan \u00d6ZBEN","Tahmini okuma s\u00fcresi":"3 dakika"},"schema":{"@context":"https:\/\/schema.org","@graph":[{"@type":"Article","@id":"https:\/\/turkblogs.com\/tr\/kahve-falinda-ay-gormek\/#article","isPartOf":{"@id":"https:\/\/turkblogs.com\/tr\/kahve-falinda-ay-gormek\/"},"author":{"name":"Erhan \u00d6ZBEN","@id":"https:\/\/turkblogs.com\/tr\/#\/schema\/person\/8a2eaf976251e14ed49c1c2875f127b4"},"headline":"Falda Ay G\u00f6rmek Ne Anlama Gelir?","datePublished":"2024-11-26T17:42:57+00:00","dateModified":"2024-11-26T17:42:58+00:00","mainEntityOfPage":{"@id":"https:\/\/turkblogs.com\/tr\/kahve-falinda-ay-gormek\/"},"wordCount":563,"commentCount":0,"publisher":{"@id":"https:\/\/turkblogs.com\/tr\/#organization"},"image":{"@id":"https:\/\/turkblogs.com\/tr\/kahve-falinda-ay-gormek\/#primaryimage"},"thumbnailUrl":"https:\/\/turkblogs.com\/wp-content\/uploads\/2024\/11\/dream-of-lunar-eclipse.jpg.webp","keywords":["fal","falda ay \u00e7\u0131kmas\u0131","falda ay g\u00f6rmek","kahve fal\u0131","kahve fal\u0131nda ay \u00e7\u0131kmas\u0131","kahve fal\u0131nda ay g\u00f6rmek"],"articleSection":["Ya\u015fam tarz\u0131"],"inLanguage":"tr","potentialAction":[{"@type":"CommentAction","name":"Comment","target":["https:\/\/turkblogs.com\/tr\/kahve-falinda-ay-gormek\/#respond"]}]},{"@type":"WebPage","@id":"https:\/\/turkblogs.com\/tr\/kahve-falinda-ay-gormek\/","url":"https:\/\/turkblogs.com\/tr\/kahve-falinda-ay-gormek\/","name":"Falda Ay G\u00f6rmek Ne Anlama Gelir? - Turk Blogs","isPartOf":{"@id":"https:\/\/turkblogs.com\/tr\/#website"},"primaryImageOfPage":{"@id":"https:\/\/turkblogs.com\/tr\/kahve-falinda-ay-gormek\/#primaryimage"},"image":{"@id":"https:\/\/turkblogs.com\/tr\/kahve-falinda-ay-gormek\/#primaryimage"},"thumbnailUrl":"https:\/\/turkblogs.com\/wp-content\/uploads\/2024\/11\/dream-of-lunar-eclipse.jpg.webp","datePublished":"2024-11-26T17:42:57+00:00","dateModified":"2024-11-26T17:42:58+00:00","description":"Kahve fal\u0131nda ay g\u00f6rmek, sezgisel g\u00fc\u00e7lenme, duygusal denge ve yeni ba\u015flang\u0131\u00e7lar\u0131n i\u015faretidir. Detaylar makalemizde!","breadcrumb":{"@id":"https:\/\/turkblogs.com\/tr\/kahve-falinda-ay-gormek\/#breadcrumb"},"inLanguage":"tr","potentialAction":[{"@type":"ReadAction","target":["https:\/\/turkblogs.com\/tr\/kahve-falinda-ay-gormek\/"]}]},{"@type":"ImageObject","inLanguage":"tr","@id":"https:\/\/turkblogs.com\/tr\/kahve-falinda-ay-gormek\/#primaryimage","url":"https:\/\/turkblogs.com\/wp-content\/uploads\/2024\/11\/dream-of-lunar-eclipse.jpg.webp","contentUrl":"https:\/\/turkblogs.com\/wp-content\/uploads\/2024\/11\/dream-of-lunar-eclipse.jpg.webp","width":1344,"height":768,"caption":"Falda Ay G\u00f6rmek"},{"@type":"BreadcrumbList","@id":"https:\/\/turkblogs.com\/tr\/kahve-falinda-ay-gormek\/#breadcrumb","itemListElement":[{"@type":"ListItem","position":1,"name":"\u0627\u0644\u0631\u0626\u064a\u0633\u064a\u0629","item":"https:\/\/turkblogs.com\/tr\/"},{"@type":"ListItem","position":2,"name":"Falda Ay G\u00f6rmek Ne Anlama Gelir?"}]},{"@type":"WebSite","@id":"https:\/\/turkblogs.com\/tr\/#website","url":"https:\/\/turkblogs.com\/tr\/","name":"Turk Blogs","description":"Stay informed with Turk Blogs \u2013 your source for the latest news and insights on Turkey and\u00a0global\u00a0events.","publisher":{"@id":"https:\/\/turkblogs.com\/tr\/#organization"},"potentialAction":[{"@type":"SearchAction","target":{"@type":"EntryPoint","urlTemplate":"https:\/\/turkblogs.com\/tr\/?s={search_term_string}"},"query-input":{"@type":"PropertyValueSpecification","valueRequired":true,"valueName":"search_term_string"}}],"inLanguage":"tr"},{"@type":"Organization","@id":"https:\/\/turkblogs.com\/tr\/#organization","name":"Turk Blogs","url":"https:\/\/turkblogs.com\/tr\/","logo":{"@type":"ImageObject","inLanguage":"tr","@id":"https:\/\/turkblogs.com\/tr\/#\/schema\/logo\/image\/","url":"https:\/\/turkblogs.com\/wp-content\/uploads\/2023\/11\/tr-blogo-logo-icon.png","contentUrl":"https:\/\/turkblogs.com\/wp-content\/uploads\/2023\/11\/tr-blogo-logo-icon.png","width":100,"height":100,"caption":"Turk Blogs"},"image":{"@id":"https:\/\/turkblogs.com\/tr\/#\/schema\/logo\/image\/"},"sameAs":["https:\/\/www.facebook.com\/profile.php?id=61554105234628","https:\/\/x.com\/turkblogs"]},{"@type":"Person","@id":"https:\/\/turkblogs.com\/tr\/#\/schema\/person\/8a2eaf976251e14ed49c1c2875f127b4","name":"Erhan \u00d6ZBEN","image":{"@type":"ImageObject","inLanguage":"tr","@id":"https:\/\/secure.gravatar.com\/avatar\/25b9cf63655c5b08a786cfdeafb5ca0294adae71c82f4b803cef59e139bbd0c5?s=96&d=mm&r=g","url":"https:\/\/secure.gravatar.com\/avatar\/25b9cf63655c5b08a786cfdeafb5ca0294adae71c82f4b803cef59e139bbd0c5?s=96&d=mm&r=g","contentUrl":"https:\/\/secure.gravatar.com\/avatar\/25b9cf63655c5b08a786cfdeafb5ca0294adae71c82f4b803cef59e139bbd0c5?s=96&d=mm&r=g","caption":"Erhan \u00d6ZBEN"},"sameAs":["https:\/\/turkblogs.com\/"],"url":"https:\/\/turkblogs.com\/tr\/author\/erhanozben\/"}]}},"_links":{"self":[{"href":"https:\/\/turkblogs.com\/tr\/wp-json\/wp\/v2\/posts\/15792","targetHints":{"allow":["GET"]}}],"collection":[{"href":"https:\/\/turkblogs.com\/tr\/wp-json\/wp\/v2\/posts"}],"about":[{"href":"https:\/\/turkblogs.com\/tr\/wp-json\/wp\/v2\/types\/post"}],"author":[{"embeddable":true,"href":"https:\/\/turkblogs.com\/tr\/wp-json\/wp\/v2\/users\/2"}],"replies":[{"embeddable":true,"href":"https:\/\/turkblogs.com\/tr\/wp-json\/wp\/v2\/comments?post=15792"}],"version-history":[{"count":1,"href":"https:\/\/turkblogs.com\/tr\/wp-json\/wp\/v2\/posts\/15792\/revisions"}],"predecessor-version":[{"id":15802,"href":"https:\/\/turkblogs.com\/tr\/wp-json\/wp\/v2\/posts\/15792\/revisions\/15802"}],"wp:featuredmedia":[{"embeddable":true,"href":"https:\/\/turkblogs.com\/tr\/wp-json\/wp\/v2\/media\/15799"}],"wp:attachment":[{"href":"https:\/\/turkblogs.com\/tr\/wp-json\/wp\/v2\/media?parent=15792"}],"wp:term":[{"taxonomy":"category","embeddable":true,"href":"https:\/\/turkblogs.com\/tr\/wp-json\/wp\/v2\/categories?post=15792"},{"taxonomy":"post_tag","embeddable":true,"href":"https:\/\/turkblogs.com\/tr\/wp-json\/wp\/v2\/tags?post=15792"}],"curies":[{"name":"wp","href":"https:\/\/api.w.org\/{rel}","templated":true}]}}