{"id":1434,"date":"2024-08-05T10:57:48","date_gmt":"2024-08-05T10:57:48","guid":{"rendered":"https:\/\/turkblogs.com\/?p=1434"},"modified":"2024-08-05T11:16:21","modified_gmt":"2024-08-05T11:16:21","slug":"turk-bayragi-tarihi-renkleri-kullanim-alanlari-efsaneler","status":"publish","type":"post","link":"https:\/\/turkblogs.com\/tr\/turk-bayragi-tarihi-renkleri-kullanim-alanlari-efsaneler\/","title":{"rendered":"T\u00fcrk Bayra\u011f\u0131 (Tarihi &#8211; Renkleri &#8211; Kullan\u0131m Alanlar\u0131 &#8211; Efsaneler)"},"content":{"rendered":"\n<h2 class=\"wp-block-heading\"><strong>T\u00fcrk Bayra\u011f\u0131\u2019n\u0131n Tarihi<\/strong><\/h2>\n\n\n\n<p>T\u00fcrk Bayra\u011f\u0131&#8217;n\u0131n tarihi, y\u00fczy\u0131llara dayanan k\u00f6kl\u00fc bir ge\u00e7mi\u015fe sahiptir. Mevcut bayrak tasar\u0131m\u0131, 18. y\u00fczy\u0131l\u0131n sonlar\u0131 ve 19. y\u00fczy\u0131l\u0131n ba\u015flar\u0131na dayan\u0131r ve 1844 y\u0131l\u0131nda Osmanl\u0131 \u0130mparatorlu\u011fu&#8217;nun bayra\u011f\u0131 olarak kabul edilmi\u015ftir. Bayrak tasar\u0131m\u0131, tarihsel ve siyasi geli\u015fmelerin bir sonucu olarak ortaya \u00e7\u0131km\u0131\u015ft\u0131r.<\/p>\n\n\n\n<h3 class=\"wp-block-heading\"><strong>Cumhuriyet D\u00f6neminde Bayrak<\/strong><\/h3>\n\n\n\n<p>1923 y\u0131l\u0131nda T\u00fcrkiye Cumhuriyeti\u2019nin kurulmas\u0131n\u0131n ard\u0131ndan, mevcut tasar\u0131m ulusal bayrak olarak kullan\u0131lmaya devam edilmi\u015ftir. Bu s\u00fcreklilik, geleneklerin ve ulusal sembollerin korunmas\u0131na y\u00f6nelik bir iste\u011fi yans\u0131t\u0131r ve \u00fclkenin ge\u00e7irdi\u011fi b\u00fcy\u00fck siyasi ve sosyal de\u011fi\u015fimlere ra\u011fmen devam etmi\u015ftir.<\/p>\n\n\n\n<h2 class=\"wp-block-heading\"><strong>Bayra\u011f\u0131n Renkleri ve Anlamlar\u0131<\/strong><\/h2>\n\n\n\n<ul class=\"wp-block-list\">\n<li><strong>K\u0131rm\u0131z\u0131 Renk<\/strong><\/li>\n<\/ul>\n\n\n\n<p>K\u0131rm\u0131z\u0131 renk, cesareti ve vatan u\u011fruna yap\u0131lan fedakarl\u0131\u011f\u0131 simgeler. Bu renk, Osmanl\u0131 \u0130mparatorlu\u011fu d\u00f6nemine kadar uzanan bir ge\u00e7mi\u015fe sahiptir ve sava\u015flarda d\u00f6k\u00fclen kan\u0131 ve ba\u011f\u0131ms\u0131zl\u0131k i\u00e7in yap\u0131lan m\u00fccadeleyi yans\u0131t\u0131r.<\/p>\n\n\n\n<ul class=\"wp-block-list\">\n<li><strong>Hilal ve Y\u0131ld\u0131z<\/strong><\/li>\n<\/ul>\n\n\n\n<p>Hilal, \u0130slam k\u00fclt\u00fcr\u00fcn\u00fcn eski bir sembol\u00fcd\u00fcr ve T\u00fcrkiye&#8217;deki \u0130slam ve k\u00fclt\u00fcrel miras\u0131 temsil eder. Be\u015f k\u00f6\u015feli y\u0131ld\u0131z ise \u0131\u015f\u0131k ve umudu simgeler ve T\u00fcrk halk\u0131 aras\u0131ndaki birlik ve i\u015fbirli\u011fini g\u00fc\u00e7lendirir. Hilal ve y\u0131ld\u0131z, birlikte, halk\u0131n ve ruhsal de\u011ferlerin birle\u015fimini ifade eder.<\/p>\n\n\n\n<h2 class=\"wp-block-heading\"><strong>T\u00fcrk Bayra\u011f\u0131\u2019n\u0131n Kullan\u0131m Alanlar\u0131<\/strong><\/h2>\n\n\n\n<ul class=\"wp-block-list\">\n<li><strong>Ulusal Kutlamalarda<\/strong><\/li>\n<\/ul>\n\n\n\n<p>T\u00fcrk bayra\u011f\u0131, Cumhuriyet Bayram\u0131 ve Zafer Bayram\u0131 gibi ulusal kutlamalarda dalgalan\u0131r. Bu t\u00fcr g\u00fcnler, T\u00fcrk halk\u0131n\u0131n \u00fclkeye duydu\u011fu gururu ve \u00f6zg\u00fcrl\u00fck ve ba\u011f\u0131ms\u0131zl\u0131k i\u00e7in atalar\u0131ndan ald\u0131\u011f\u0131 miras\u0131 ifade etme f\u0131rsatlar\u0131d\u0131r. Bayrak, h\u00fck\u00fcmet binalar\u0131ndan evlere ve sokaklara kadar her yerde g\u00f6r\u00fcn\u00fcr.<\/p>\n\n\n\n<ul class=\"wp-block-list\">\n<li><strong>G\u00fcnl\u00fck Hayatta<\/strong><\/li>\n<\/ul>\n\n\n\n<p>T\u00fcrk bayra\u011f\u0131, yaln\u0131zca ulusal g\u00fcnlerde de\u011fil, g\u00fcnl\u00fck ya\u015famda da \u00f6nemli bir yer tutar. Kamu binalar\u0131n\u0131, okullar\u0131 ve hatta evleri ve sokaklar\u0131 s\u00fcsler. Bayrak, T\u00fcrk halk\u0131n\u0131n gururunu ve \u00f6zg\u00fcrl\u00fck ile ba\u011f\u0131ms\u0131zl\u0131k i\u00e7in yap\u0131lan fedakarl\u0131klar\u0131 simgeler.<\/p>\n\n\n\n<h2 class=\"wp-block-heading\"><strong>Bayrak Efsaneleri ve Sembolleri<\/strong><\/h2>\n\n\n\n<ul class=\"wp-block-list\">\n<li><strong>Tarihi Efsaneler<\/strong><\/li>\n<\/ul>\n\n\n\n<p>T\u00fcrk bayra\u011f\u0131n\u0131n \u00e7evresinde, sembolik de\u011ferini art\u0131ran bir\u00e7ok efsane vard\u0131r. \u00dcnl\u00fc efsanelerden biri, hilal ve y\u0131ld\u0131z\u0131n b\u00fcy\u00fck bir sava\u015f gecesi g\u00f6ky\u00fcz\u00fcnde belirdi\u011fini ve T\u00fcrk askerlerine umut verdi\u011fini s\u00f6yler. Bu efsane, T\u00fcrk halk\u0131n\u0131n bayrak ve onun ruhsal ve ulusal de\u011ferlerine olan ba\u011fl\u0131l\u0131\u011f\u0131n\u0131 yans\u0131t\u0131r.<\/p>\n\n\n\n<ul class=\"wp-block-list\">\n<li><strong>Ulusal Semboller<\/strong><\/li>\n<\/ul>\n\n\n\n<p>Hilal ve y\u0131ld\u0131z, bayra\u011f\u0131n \u00fczerindeki sembollerin \u00f6tesinde, T\u00fcrk halk\u0131n\u0131n birli\u011fini ve dayan\u0131\u015fmas\u0131n\u0131 g\u00fc\u00e7lendiren de\u011ferleri ve ahlaki kodlar\u0131 temsil eder. Hilal, \u0130slam\u2019\u0131; y\u0131ld\u0131z ise \u0131\u015f\u0131k ve umudu simgeler. Birlikte, ulusal dayan\u0131\u015fma ve aidiyetin g\u00fc\u00e7l\u00fc bir sembol\u00fcn\u00fc olu\u015ftururlar.<\/p>\n\n\n\n<p>T\u00fcrk bayra\u011f\u0131, sadece renkli bir kuma\u015f par\u00e7as\u0131 de\u011fil, ulusal kimli\u011fi, tarihi, k\u00fclt\u00fcr\u00fc ve T\u00fcrk halk\u0131n\u0131 bir araya getiren de\u011ferleri ifade eden bir sembold\u00fcr. Bayrak, cesaret ve fedakarl\u0131kla dolu uzun bir ge\u00e7mi\u015fi yans\u0131t\u0131r ve parlak bir gelecek i\u00e7in birlik ve umudu temsil eder. Ulusal g\u00fcnlerde bayrak gururla dalgalan\u0131r ve kamusal ve \u00f6zel alanlarda s\u00fcslenir, halk aras\u0131nda karde\u015flik ve aidiyet duygusunu g\u00fc\u00e7lendirir.<\/p>\n\n\n\n<h2 class=\"wp-block-heading\"><strong>T\u00fcrk Bayra\u011f\u0131 ile \u0130lgili S\u0131k\u00e7a Sorulan Sorular<\/strong><\/h2>\n\n\n\n<ul class=\"wp-block-list\">\n<li><strong>Tunus ve T\u00fcrkiye Bayraklar\u0131 Aras\u0131ndaki Fark Nedir?<\/strong><\/li>\n<\/ul>\n\n\n\n<p>Tunus ve T\u00fcrkiye bayraklar\u0131 aras\u0131ndaki ana fark, kullan\u0131lan sembollerin detaylar\u0131ndad\u0131r. T\u00fcrkiye bayra\u011f\u0131n\u0131n \u00fczerinde beyaz hilal ve be\u015f k\u00f6\u015feli y\u0131ld\u0131z bulunan k\u0131rm\u0131z\u0131 bir arka plan vard\u0131r. Tunus bayra\u011f\u0131 ise beyaz bir daire i\u00e7inde k\u0131rm\u0131z\u0131 hilal ve be\u015f k\u00f6\u015feli y\u0131ld\u0131z i\u00e7eren k\u0131rm\u0131z\u0131 bir arka plana sahiptir.<\/p>\n\n\n\n<ul class=\"wp-block-list\">\n<li><strong>T\u00fcrkiye Bayra\u011f\u0131ndaki Y\u0131ld\u0131z ve Hilal Ne Anlama Geliyor?<\/strong><\/li>\n<\/ul>\n\n\n\n<p>T\u00fcrkiye bayra\u011f\u0131ndaki hilal ve y\u0131ld\u0131z, \u0130slam ve \u0130slam geleneklerini simgeler. Hilal, Osmanl\u0131 \u0130mparatorlu\u011fu&#8217;nun sembol\u00fcyd\u00fc ve be\u015f k\u00f6\u015feli y\u0131ld\u0131z ise \u0131\u015f\u0131k ve umudu temsil eder.<\/p>\n\n\n\n<ul class=\"wp-block-list\">\n<li><strong>T\u00fcrkiye Bayra\u011f\u0131 Ne Anlama Geliyor?<\/strong><\/li>\n<\/ul>\n\n\n\n<p>T\u00fcrkiye bayra\u011f\u0131, ulusal birli\u011fi ve T\u00fcrk halk\u0131n\u0131n cesaret ve fedakarl\u0131kla dolu uzun tarihini temsil eder. K\u0131rm\u0131z\u0131 renk, \u015fehitlerin kan\u0131n\u0131; hilal ve y\u0131ld\u0131z ise \u0130slam miras\u0131n\u0131 ve ulusal kimli\u011fi simgeler.<\/p>\n\n\n\n<ul class=\"wp-block-list\">\n<li><strong>Tunus Bayra\u011f\u0131 m\u0131 Yoksa T\u00fcrkiye Bayra\u011f\u0131 m\u0131 Daha Eski?<\/strong><\/li>\n<\/ul>\n\n\n\n<p>T\u00fcrkiye bayra\u011f\u0131, 1844 y\u0131l\u0131nda mevcut \u015fekliyle kabul edilmi\u015ftir, Tunus bayra\u011f\u0131 ise 1831 y\u0131l\u0131nda kabul edilmi\u015ftir. Dolay\u0131s\u0131yla, Tunus bayra\u011f\u0131 T\u00fcrkiye bayra\u011f\u0131ndan biraz daha eskidir.<\/p>\n\n\n\n<ul class=\"wp-block-list\">\n<li><strong>Neden T\u00fcrkiye Bayra\u011f\u0131 K\u0131rm\u0131z\u0131?<\/strong><\/li>\n<\/ul>\n\n\n\n<p>T\u00fcrkiye bayra\u011f\u0131ndaki k\u0131rm\u0131z\u0131 renk, vatan u\u011fruna yap\u0131lan cesaret ve fedakarl\u0131\u011f\u0131 simgeler. K\u0131rm\u0131z\u0131 renk, Osmanl\u0131 \u0130mparatorlu\u011fu&#8217;nun bayraklar\u0131nda kullan\u0131lan bir renk olup, sava\u015flarda d\u00f6k\u00fclen kan\u0131 yans\u0131t\u0131r.<\/p>\n\n\n\n<ul class=\"wp-block-list\">\n<li><strong>T\u00fcrkiye Bayra\u011f\u0131 Ne Kadar Eski?<\/strong><\/li>\n<\/ul>\n\n\n\n<p>T\u00fcrkiye bayra\u011f\u0131n\u0131n mevcut \u015fekli 1844 y\u0131l\u0131nda kabul edilmi\u015ftir, bu da bayra\u011f\u0131n 180 y\u0131ldan fazla bir ge\u00e7mi\u015fe sahip oldu\u011funu g\u00f6sterir.<\/p>\n\n\n\n<ul class=\"wp-block-list\">\n<li><strong>T\u00fcrkiye Bayra\u011f\u0131n\u0131 Kim Kurdu?<\/strong><\/li>\n<\/ul>\n\n\n\n<p>T\u00fcrkiye bayra\u011f\u0131n\u0131n tasar\u0131m\u0131 tek bir ki\u015fiye atfedilemez; Osmanl\u0131 \u0130mparatorlu\u011fu&#8217;nun bayraklar\u0131ndan evrilmi\u015f ve Sultan Abd\u00fclmecid d\u00f6neminde 1844 y\u0131l\u0131nda resmi olarak kabul edilmi\u015ftir.<\/p>\n\n\n\n<ul class=\"wp-block-list\">\n<li><strong>Mavi T\u00fcrkiye Bayra\u011f\u0131 Ne Anlama Gelir?<\/strong><\/li>\n<\/ul>\n\n\n\n<p>T\u00fcrkiye bayra\u011f\u0131n\u0131n mavi versiyonu, Kuzey K\u0131br\u0131s T\u00fcrk Cumhuriyeti&#8217;nin bayra\u011f\u0131 olarak bilinir ve T\u00fcrk bayra\u011f\u0131n\u0131n benzer tasar\u0131m\u0131n\u0131 i\u00e7erir. Ancak mavi bir zemin ile \u00fcst ve alt k\u0131s\u0131mlarda iki beyaz yatay \u015ferit i\u00e7erir.<\/p>\n\n\n\n<ul class=\"wp-block-list\">\n<li><strong>K\u0131br\u0131s T\u00fcrk Bayra\u011f\u0131<\/strong><\/li>\n<\/ul>\n\n\n\n<p>Kuzey K\u0131br\u0131s&#8217;ta kullan\u0131lan bayrak, ba\u011f\u0131ms\u0131zl\u0131k ilan eden Kuzey K\u0131br\u0131s T\u00fcrk Cumhuriyeti&#8217;nin bayra\u011f\u0131d\u0131r, ancak uluslararas\u0131 alanda sadece T\u00fcrkiye taraf\u0131ndan tan\u0131n\u0131r. Bu bayrak, T\u00fcrk bayra\u011f\u0131ndan esinlenmi\u015f olup, renk ve tasar\u0131mda baz\u0131 farkl\u0131l\u0131klar i\u00e7erir.<\/p>\n\n\n\n<ul class=\"wp-block-list\">\n<li><strong>Osmanl\u0131lar \u015eu An Kimdir?<\/strong><\/li>\n<\/ul>\n\n\n\n<p>Osmanl\u0131lar, Osmanl\u0131 \u0130mparatorlu\u011fu\u2019nun h\u00fck\u00fcmdar ailesidir. \u0130mparatorluk 20. y\u00fczy\u0131l\u0131n ba\u015flar\u0131nda sona erdi\u011fi i\u00e7in g\u00fcn\u00fcm\u00fczde Osmanl\u0131 ailesi bulunmamaktad\u0131r. Osmanl\u0131lar g\u00fcn\u00fcm\u00fczde tarih ve k\u00fclt\u00fcr\u00fcn bir par\u00e7as\u0131 olarak kabul edilir.<\/p>\n\n\n\n<ul class=\"wp-block-list\">\n<li><strong>T\u00fcrkiye&#8217;ye Neden T\u00fcrkiye Denir?<\/strong><\/li>\n<\/ul>\n\n\n\n<p>&#8220;T\u00fcrkiye&#8221; ismi, &#8220;T\u00fcrkler \u00dclkesi&#8221; anlam\u0131na gelen Latince &#8220;Turcia&#8221; kelimesinden t\u00fcretilmi\u015ftir. T\u00fcrkler, \u00fclkenin ana etnik grubudur ve \u00fclkenin tarihini ve k\u00fclt\u00fcr\u00fcn\u00fc \u015fekillendirmi\u015ftir.<\/p>\n\n\n\n<ul class=\"wp-block-list\">\n<li><strong>T\u00fcrkiye\u2019nin Sembol\u00fc Nedir?<\/strong><\/li>\n<\/ul>\n\n\n\n<p>T\u00fcrkiye&#8217;nin ulusal sembol\u00fc, beyaz hilal ve y\u0131ld\u0131z i\u00e7eren k\u0131rm\u0131z\u0131 bayrakt\u0131r. Ayr\u0131ca, tarihsel bir sembol olan kanatl\u0131 kartal da bir ba\u015fka ulusal sembold\u00fcr.<\/p>\n\n\n\n<ul class=\"wp-block-list\">\n<li><strong>T\u00fcrkiye Bayra\u011f\u0131nda Ka\u00e7 Renk Var?<\/strong><\/li>\n<\/ul>\n\n\n\n<p>T\u00fcrkiye bayra\u011f\u0131nda yaln\u0131zca iki renk bulunur: k\u0131rm\u0131z\u0131 (arka plan) ve beyaz (hilal ve y\u0131ld\u0131z).<\/p>\n\n\n\n<ul class=\"wp-block-list\">\n<li><strong>D\u00fcnyan\u0131n En Eski Bayra\u011f\u0131 Nedir?<\/strong><\/li>\n<\/ul>\n\n\n\n<p>D\u00fcnyan\u0131n en eski bayra\u011f\u0131, 13. y\u00fczy\u0131ldan beri kullan\u0131lan Danimarka bayra\u011f\u0131 olan &#8220;Danebrog&#8221; olarak bilinir.<\/p>\n\n\n\n<ul class=\"wp-block-list\">\n<li><strong>D\u00fcnyan\u0131n Arap D\u00fcnyas\u0131ndaki En Eski Bayra\u011f\u0131 Nedir?<\/strong><\/li>\n<\/ul>\n\n\n\n<p>Arap d\u00fcnyas\u0131ndaki en eski bayrak, 7. y\u00fczy\u0131ldan kalma Umman Sultanl\u0131\u011f\u0131 bayra\u011f\u0131d\u0131r.<\/p>\n\n\n\n<ul class=\"wp-block-list\">\n<li><strong>T\u00fcrkiye\u2019yi Kim Ke\u015ffetti?<\/strong><\/li>\n<\/ul>\n\n\n\n<p>T\u00fcrkiye, geleneksel anlamda ke\u015ffedilmemi\u015ftir, \u00e7\u00fcnk\u00fc her zaman yerle\u015fim g\u00f6rm\u00fc\u015ft\u00fcr. Ancak, Yunanl\u0131lar ve Romal\u0131lar bu b\u00f6lgeyi kolonile\u015ftirip etkileri alt\u0131na alm\u0131\u015ft\u0131r.<\/p>\n\n\n\n<ul class=\"wp-block-list\">\n<li><strong>Mavi Nazar Boncu\u011fu T\u00fcrkiye\u2019de Ne Anlama Gelir?<\/strong><\/li>\n<\/ul>\n\n\n\n<p>Mavi nazar boncu\u011fu, T\u00fcrk k\u00fclt\u00fcr\u00fcnde k\u00f6t\u00fc enerjilerden ve nazardan korunmak i\u00e7in kullan\u0131lan bir amulet veya t\u0131ls\u0131md\u0131r.<\/p>\n","protected":false},"excerpt":{"rendered":"<p>T\u00fcrk Bayra\u011f\u0131\u2019n\u0131n Tarihi T\u00fcrk Bayra\u011f\u0131&#8217;n\u0131n tarihi, y\u00fczy\u0131llara dayanan k\u00f6kl\u00fc bir ge\u00e7mi\u015fe sahiptir. Mevcut bayrak tasar\u0131m\u0131, 18. y\u00fczy\u0131l\u0131n sonlar\u0131 ve 19. y\u00fczy\u0131l\u0131n ba\u015flar\u0131na dayan\u0131r ve 1844 y\u0131l\u0131nda Osmanl\u0131 \u0130mparatorlu\u011fu&#8217;nun bayra\u011f\u0131 olarak kabul edilmi\u015ftir. Bayrak tasar\u0131m\u0131, tarihsel ve siyasi geli\u015fmelerin bir sonucu olarak ortaya \u00e7\u0131km\u0131\u015ft\u0131r. Cumhuriyet D\u00f6neminde Bayrak 1923 y\u0131l\u0131nda T\u00fcrkiye Cumhuriyeti\u2019nin kurulmas\u0131n\u0131n ard\u0131ndan, mevcut tasar\u0131m ulusal [&hellip;]<\/p>\n","protected":false},"author":1,"featured_media":1435,"comment_status":"open","ping_status":"open","sticky":false,"template":"","format":"standard","meta":{"footnotes":""},"categories":[62],"tags":[84],"class_list":{"0":"post-1434","1":"post","2":"type-post","3":"status-publish","4":"format-standard","5":"has-post-thumbnail","7":"category-turkiye-tr","8":"tag-turk-bayragi"},"yoast_head":"<!-- This site is optimized with the Yoast SEO plugin v27.4 - https:\/\/yoast.com\/product\/yoast-seo-wordpress\/ -->\n<title>T\u00fcrk Bayra\u011f\u0131 (Tarihi - Renkleri - Kullan\u0131m Alanlar\u0131 - Efsaneler) - Turk Blogs<\/title>\n<meta name=\"description\" content=\"T\u00fcrk Bayra\u011f\u0131\u2019n\u0131n Tarihi-Bayrak Efsaneleri ve Sembolleri-Cumhuriyet D\u00f6neminde Bayrak-T\u00fcrkiye Bayra\u011f\u0131 Ne Kadar Eski?\" \/>\n<meta name=\"robots\" content=\"index, follow, max-snippet:-1, max-image-preview:large, max-video-preview:-1\" \/>\n<link rel=\"canonical\" href=\"https:\/\/turkblogs.com\/tr\/turk-bayragi-tarihi-renkleri-kullanim-alanlari-efsaneler\/\" \/>\n<meta property=\"og:locale\" content=\"tr_TR\" \/>\n<meta property=\"og:type\" content=\"article\" \/>\n<meta property=\"og:title\" content=\"T\u00fcrk Bayra\u011f\u0131\" \/>\n<meta property=\"og:description\" content=\"T\u00fcrk Bayra\u011f\u0131\u2019n\u0131n Tarihi-Bayrak Efsaneleri ve Sembolleri-Cumhuriyet D\u00f6neminde Bayrak-T\u00fcrkiye Bayra\u011f\u0131 Ne Kadar Eski?\" \/>\n<meta property=\"og:url\" content=\"https:\/\/turkblogs.com\/tr\/turk-bayragi-tarihi-renkleri-kullanim-alanlari-efsaneler\/\" \/>\n<meta property=\"og:site_name\" content=\"Turk Blogs\" \/>\n<meta property=\"article:publisher\" content=\"https:\/\/www.facebook.com\/profile.php?id=61554105234628\" \/>\n<meta property=\"article:published_time\" content=\"2024-08-05T10:57:48+00:00\" \/>\n<meta property=\"article:modified_time\" content=\"2024-08-05T11:16:21+00:00\" \/>\n<meta property=\"og:image\" content=\"https:\/\/turkblogs.com\/wp-content\/uploads\/2024\/08\/Turk-Bayragi.jpg\" \/>\n\t<meta property=\"og:image:width\" content=\"612\" \/>\n\t<meta property=\"og:image:height\" content=\"372\" \/>\n\t<meta property=\"og:image:type\" content=\"image\/jpeg\" \/>\n<meta name=\"author\" content=\"Bedir KAYA\" \/>\n<meta name=\"twitter:card\" content=\"summary_large_image\" \/>\n<meta name=\"twitter:title\" content=\"T\u00fcrk Bayra\u011f\u0131\" \/>\n<meta name=\"twitter:description\" content=\"T\u00fcrk Bayra\u011f\u0131\u2019n\u0131n Tarihi-Bayrak Efsaneleri ve Sembolleri-Cumhuriyet D\u00f6neminde Bayrak-T\u00fcrkiye Bayra\u011f\u0131 Ne Kadar Eski?\" \/>\n<meta name=\"twitter:image\" content=\"https:\/\/turkblogs.com\/wp-content\/uploads\/2024\/08\/Turk-Bayragi.jpg\" \/>\n<meta name=\"twitter:creator\" content=\"@turkblogs\" \/>\n<meta name=\"twitter:site\" content=\"@turkblogs\" \/>\n<meta name=\"twitter:label1\" content=\"Yazan:\" \/>\n\t<meta name=\"twitter:data1\" content=\"Bedir KAYA\" \/>\n\t<meta name=\"twitter:label2\" content=\"Tahmini okuma s\u00fcresi\" \/>\n\t<meta name=\"twitter:data2\" content=\"7 dakika\" \/>\n<script type=\"application\/ld+json\" class=\"yoast-schema-graph\">{\"@context\":\"https:\\\/\\\/schema.org\",\"@graph\":[{\"@type\":\"Article\",\"@id\":\"https:\\\/\\\/turkblogs.com\\\/tr\\\/turk-bayragi-tarihi-renkleri-kullanim-alanlari-efsaneler\\\/#article\",\"isPartOf\":{\"@id\":\"https:\\\/\\\/turkblogs.com\\\/tr\\\/turk-bayragi-tarihi-renkleri-kullanim-alanlari-efsaneler\\\/\"},\"author\":{\"name\":\"Bedir KAYA\",\"@id\":\"https:\\\/\\\/turkblogs.com\\\/tr\\\/#\\\/schema\\\/person\\\/c80e947f9053fd02278fab3e1aa4adb9\"},\"headline\":\"T\u00fcrk Bayra\u011f\u0131 (Tarihi &#8211; Renkleri &#8211; Kullan\u0131m Alanlar\u0131 &#8211; Efsaneler)\",\"datePublished\":\"2024-08-05T10:57:48+00:00\",\"dateModified\":\"2024-08-05T11:16:21+00:00\",\"mainEntityOfPage\":{\"@id\":\"https:\\\/\\\/turkblogs.com\\\/tr\\\/turk-bayragi-tarihi-renkleri-kullanim-alanlari-efsaneler\\\/\"},\"wordCount\":1359,\"commentCount\":0,\"publisher\":{\"@id\":\"https:\\\/\\\/turkblogs.com\\\/tr\\\/#organization\"},\"image\":{\"@id\":\"https:\\\/\\\/turkblogs.com\\\/tr\\\/turk-bayragi-tarihi-renkleri-kullanim-alanlari-efsaneler\\\/#primaryimage\"},\"thumbnailUrl\":\"https:\\\/\\\/turkblogs.com\\\/wp-content\\\/uploads\\\/2024\\\/08\\\/Turk-Bayragi.jpg\",\"keywords\":[\"T\u00fcrk Bayra\u011f\u0131\"],\"articleSection\":[\"T\u00fcrkiye\"],\"inLanguage\":\"tr\",\"potentialAction\":[{\"@type\":\"CommentAction\",\"name\":\"Comment\",\"target\":[\"https:\\\/\\\/turkblogs.com\\\/tr\\\/turk-bayragi-tarihi-renkleri-kullanim-alanlari-efsaneler\\\/#respond\"]}]},{\"@type\":\"WebPage\",\"@id\":\"https:\\\/\\\/turkblogs.com\\\/tr\\\/turk-bayragi-tarihi-renkleri-kullanim-alanlari-efsaneler\\\/\",\"url\":\"https:\\\/\\\/turkblogs.com\\\/tr\\\/turk-bayragi-tarihi-renkleri-kullanim-alanlari-efsaneler\\\/\",\"name\":\"T\u00fcrk Bayra\u011f\u0131 (Tarihi - Renkleri - Kullan\u0131m Alanlar\u0131 - Efsaneler) - Turk Blogs\",\"isPartOf\":{\"@id\":\"https:\\\/\\\/turkblogs.com\\\/tr\\\/#website\"},\"primaryImageOfPage\":{\"@id\":\"https:\\\/\\\/turkblogs.com\\\/tr\\\/turk-bayragi-tarihi-renkleri-kullanim-alanlari-efsaneler\\\/#primaryimage\"},\"image\":{\"@id\":\"https:\\\/\\\/turkblogs.com\\\/tr\\\/turk-bayragi-tarihi-renkleri-kullanim-alanlari-efsaneler\\\/#primaryimage\"},\"thumbnailUrl\":\"https:\\\/\\\/turkblogs.com\\\/wp-content\\\/uploads\\\/2024\\\/08\\\/Turk-Bayragi.jpg\",\"datePublished\":\"2024-08-05T10:57:48+00:00\",\"dateModified\":\"2024-08-05T11:16:21+00:00\",\"description\":\"T\u00fcrk Bayra\u011f\u0131\u2019n\u0131n Tarihi-Bayrak Efsaneleri ve Sembolleri-Cumhuriyet D\u00f6neminde Bayrak-T\u00fcrkiye Bayra\u011f\u0131 Ne Kadar Eski?\",\"breadcrumb\":{\"@id\":\"https:\\\/\\\/turkblogs.com\\\/tr\\\/turk-bayragi-tarihi-renkleri-kullanim-alanlari-efsaneler\\\/#breadcrumb\"},\"inLanguage\":\"tr\",\"potentialAction\":[{\"@type\":\"ReadAction\",\"target\":[\"https:\\\/\\\/turkblogs.com\\\/tr\\\/turk-bayragi-tarihi-renkleri-kullanim-alanlari-efsaneler\\\/\"]}]},{\"@type\":\"ImageObject\",\"inLanguage\":\"tr\",\"@id\":\"https:\\\/\\\/turkblogs.com\\\/tr\\\/turk-bayragi-tarihi-renkleri-kullanim-alanlari-efsaneler\\\/#primaryimage\",\"url\":\"https:\\\/\\\/turkblogs.com\\\/wp-content\\\/uploads\\\/2024\\\/08\\\/Turk-Bayragi.jpg\",\"contentUrl\":\"https:\\\/\\\/turkblogs.com\\\/wp-content\\\/uploads\\\/2024\\\/08\\\/Turk-Bayragi.jpg\",\"width\":612,\"height\":372,\"caption\":\"T\u00fcrk Bayra\u011f\u0131\"},{\"@type\":\"BreadcrumbList\",\"@id\":\"https:\\\/\\\/turkblogs.com\\\/tr\\\/turk-bayragi-tarihi-renkleri-kullanim-alanlari-efsaneler\\\/#breadcrumb\",\"itemListElement\":[{\"@type\":\"ListItem\",\"position\":1,\"name\":\"\u0627\u0644\u0631\u0626\u064a\u0633\u064a\u0629\",\"item\":\"https:\\\/\\\/turkblogs.com\\\/tr\\\/\"},{\"@type\":\"ListItem\",\"position\":2,\"name\":\"T\u00fcrk Bayra\u011f\u0131 (Tarihi &#8211; Renkleri &#8211; Kullan\u0131m Alanlar\u0131 &#8211; Efsaneler)\"}]},{\"@type\":\"WebSite\",\"@id\":\"https:\\\/\\\/turkblogs.com\\\/tr\\\/#website\",\"url\":\"https:\\\/\\\/turkblogs.com\\\/tr\\\/\",\"name\":\"Turk Blogs\",\"description\":\"Stay informed with Turk Blogs \u2013 your source for the latest news and insights on Turkey and\u00a0global\u00a0events.\",\"publisher\":{\"@id\":\"https:\\\/\\\/turkblogs.com\\\/tr\\\/#organization\"},\"potentialAction\":[{\"@type\":\"SearchAction\",\"target\":{\"@type\":\"EntryPoint\",\"urlTemplate\":\"https:\\\/\\\/turkblogs.com\\\/tr\\\/?s={search_term_string}\"},\"query-input\":{\"@type\":\"PropertyValueSpecification\",\"valueRequired\":true,\"valueName\":\"search_term_string\"}}],\"inLanguage\":\"tr\"},{\"@type\":\"Organization\",\"@id\":\"https:\\\/\\\/turkblogs.com\\\/tr\\\/#organization\",\"name\":\"Turk Blogs\",\"url\":\"https:\\\/\\\/turkblogs.com\\\/tr\\\/\",\"logo\":{\"@type\":\"ImageObject\",\"inLanguage\":\"tr\",\"@id\":\"https:\\\/\\\/turkblogs.com\\\/tr\\\/#\\\/schema\\\/logo\\\/image\\\/\",\"url\":\"https:\\\/\\\/turkblogs.com\\\/wp-content\\\/uploads\\\/2023\\\/11\\\/tr-blogo-logo-icon.png\",\"contentUrl\":\"https:\\\/\\\/turkblogs.com\\\/wp-content\\\/uploads\\\/2023\\\/11\\\/tr-blogo-logo-icon.png\",\"width\":100,\"height\":100,\"caption\":\"Turk Blogs\"},\"image\":{\"@id\":\"https:\\\/\\\/turkblogs.com\\\/tr\\\/#\\\/schema\\\/logo\\\/image\\\/\"},\"sameAs\":[\"https:\\\/\\\/www.facebook.com\\\/profile.php?id=61554105234628\",\"https:\\\/\\\/x.com\\\/turkblogs\"]},{\"@type\":\"Person\",\"@id\":\"https:\\\/\\\/turkblogs.com\\\/tr\\\/#\\\/schema\\\/person\\\/c80e947f9053fd02278fab3e1aa4adb9\",\"name\":\"Bedir KAYA\",\"image\":{\"@type\":\"ImageObject\",\"inLanguage\":\"tr\",\"@id\":\"https:\\\/\\\/secure.gravatar.com\\\/avatar\\\/6fc6aa9fc4b8c21f6622cf94889a482227ef0c6018e0d0fa080dba904dd8b55d?s=96&d=mm&r=g\",\"url\":\"https:\\\/\\\/secure.gravatar.com\\\/avatar\\\/6fc6aa9fc4b8c21f6622cf94889a482227ef0c6018e0d0fa080dba904dd8b55d?s=96&d=mm&r=g\",\"contentUrl\":\"https:\\\/\\\/secure.gravatar.com\\\/avatar\\\/6fc6aa9fc4b8c21f6622cf94889a482227ef0c6018e0d0fa080dba904dd8b55d?s=96&d=mm&r=g\",\"caption\":\"Bedir KAYA\"},\"sameAs\":[\"https:\\\/\\\/turkblogs.com\"],\"url\":\"https:\\\/\\\/turkblogs.com\\\/tr\\\/author\\\/invest55332\\\/\"}]}<\/script>\n<!-- \/ Yoast SEO plugin. -->","yoast_head_json":{"title":"T\u00fcrk Bayra\u011f\u0131 (Tarihi - Renkleri - Kullan\u0131m Alanlar\u0131 - Efsaneler) - Turk Blogs","description":"T\u00fcrk Bayra\u011f\u0131\u2019n\u0131n Tarihi-Bayrak Efsaneleri ve Sembolleri-Cumhuriyet D\u00f6neminde Bayrak-T\u00fcrkiye Bayra\u011f\u0131 Ne Kadar Eski?","robots":{"index":"index","follow":"follow","max-snippet":"max-snippet:-1","max-image-preview":"max-image-preview:large","max-video-preview":"max-video-preview:-1"},"canonical":"https:\/\/turkblogs.com\/tr\/turk-bayragi-tarihi-renkleri-kullanim-alanlari-efsaneler\/","og_locale":"tr_TR","og_type":"article","og_title":"T\u00fcrk Bayra\u011f\u0131","og_description":"T\u00fcrk Bayra\u011f\u0131\u2019n\u0131n Tarihi-Bayrak Efsaneleri ve Sembolleri-Cumhuriyet D\u00f6neminde Bayrak-T\u00fcrkiye Bayra\u011f\u0131 Ne Kadar Eski?","og_url":"https:\/\/turkblogs.com\/tr\/turk-bayragi-tarihi-renkleri-kullanim-alanlari-efsaneler\/","og_site_name":"Turk Blogs","article_publisher":"https:\/\/www.facebook.com\/profile.php?id=61554105234628","article_published_time":"2024-08-05T10:57:48+00:00","article_modified_time":"2024-08-05T11:16:21+00:00","og_image":[{"width":612,"height":372,"url":"https:\/\/turkblogs.com\/wp-content\/uploads\/2024\/08\/Turk-Bayragi.jpg","type":"image\/jpeg"}],"author":"Bedir KAYA","twitter_card":"summary_large_image","twitter_title":"T\u00fcrk Bayra\u011f\u0131","twitter_description":"T\u00fcrk Bayra\u011f\u0131\u2019n\u0131n Tarihi-Bayrak Efsaneleri ve Sembolleri-Cumhuriyet D\u00f6neminde Bayrak-T\u00fcrkiye Bayra\u011f\u0131 Ne Kadar Eski?","twitter_image":"https:\/\/turkblogs.com\/wp-content\/uploads\/2024\/08\/Turk-Bayragi.jpg","twitter_creator":"@turkblogs","twitter_site":"@turkblogs","twitter_misc":{"Yazan:":"Bedir KAYA","Tahmini okuma s\u00fcresi":"7 dakika"},"schema":{"@context":"https:\/\/schema.org","@graph":[{"@type":"Article","@id":"https:\/\/turkblogs.com\/tr\/turk-bayragi-tarihi-renkleri-kullanim-alanlari-efsaneler\/#article","isPartOf":{"@id":"https:\/\/turkblogs.com\/tr\/turk-bayragi-tarihi-renkleri-kullanim-alanlari-efsaneler\/"},"author":{"name":"Bedir KAYA","@id":"https:\/\/turkblogs.com\/tr\/#\/schema\/person\/c80e947f9053fd02278fab3e1aa4adb9"},"headline":"T\u00fcrk Bayra\u011f\u0131 (Tarihi &#8211; Renkleri &#8211; Kullan\u0131m Alanlar\u0131 &#8211; Efsaneler)","datePublished":"2024-08-05T10:57:48+00:00","dateModified":"2024-08-05T11:16:21+00:00","mainEntityOfPage":{"@id":"https:\/\/turkblogs.com\/tr\/turk-bayragi-tarihi-renkleri-kullanim-alanlari-efsaneler\/"},"wordCount":1359,"commentCount":0,"publisher":{"@id":"https:\/\/turkblogs.com\/tr\/#organization"},"image":{"@id":"https:\/\/turkblogs.com\/tr\/turk-bayragi-tarihi-renkleri-kullanim-alanlari-efsaneler\/#primaryimage"},"thumbnailUrl":"https:\/\/turkblogs.com\/wp-content\/uploads\/2024\/08\/Turk-Bayragi.jpg","keywords":["T\u00fcrk Bayra\u011f\u0131"],"articleSection":["T\u00fcrkiye"],"inLanguage":"tr","potentialAction":[{"@type":"CommentAction","name":"Comment","target":["https:\/\/turkblogs.com\/tr\/turk-bayragi-tarihi-renkleri-kullanim-alanlari-efsaneler\/#respond"]}]},{"@type":"WebPage","@id":"https:\/\/turkblogs.com\/tr\/turk-bayragi-tarihi-renkleri-kullanim-alanlari-efsaneler\/","url":"https:\/\/turkblogs.com\/tr\/turk-bayragi-tarihi-renkleri-kullanim-alanlari-efsaneler\/","name":"T\u00fcrk Bayra\u011f\u0131 (Tarihi - Renkleri - Kullan\u0131m Alanlar\u0131 - Efsaneler) - Turk Blogs","isPartOf":{"@id":"https:\/\/turkblogs.com\/tr\/#website"},"primaryImageOfPage":{"@id":"https:\/\/turkblogs.com\/tr\/turk-bayragi-tarihi-renkleri-kullanim-alanlari-efsaneler\/#primaryimage"},"image":{"@id":"https:\/\/turkblogs.com\/tr\/turk-bayragi-tarihi-renkleri-kullanim-alanlari-efsaneler\/#primaryimage"},"thumbnailUrl":"https:\/\/turkblogs.com\/wp-content\/uploads\/2024\/08\/Turk-Bayragi.jpg","datePublished":"2024-08-05T10:57:48+00:00","dateModified":"2024-08-05T11:16:21+00:00","description":"T\u00fcrk Bayra\u011f\u0131\u2019n\u0131n Tarihi-Bayrak Efsaneleri ve Sembolleri-Cumhuriyet D\u00f6neminde Bayrak-T\u00fcrkiye Bayra\u011f\u0131 Ne Kadar Eski?","breadcrumb":{"@id":"https:\/\/turkblogs.com\/tr\/turk-bayragi-tarihi-renkleri-kullanim-alanlari-efsaneler\/#breadcrumb"},"inLanguage":"tr","potentialAction":[{"@type":"ReadAction","target":["https:\/\/turkblogs.com\/tr\/turk-bayragi-tarihi-renkleri-kullanim-alanlari-efsaneler\/"]}]},{"@type":"ImageObject","inLanguage":"tr","@id":"https:\/\/turkblogs.com\/tr\/turk-bayragi-tarihi-renkleri-kullanim-alanlari-efsaneler\/#primaryimage","url":"https:\/\/turkblogs.com\/wp-content\/uploads\/2024\/08\/Turk-Bayragi.jpg","contentUrl":"https:\/\/turkblogs.com\/wp-content\/uploads\/2024\/08\/Turk-Bayragi.jpg","width":612,"height":372,"caption":"T\u00fcrk Bayra\u011f\u0131"},{"@type":"BreadcrumbList","@id":"https:\/\/turkblogs.com\/tr\/turk-bayragi-tarihi-renkleri-kullanim-alanlari-efsaneler\/#breadcrumb","itemListElement":[{"@type":"ListItem","position":1,"name":"\u0627\u0644\u0631\u0626\u064a\u0633\u064a\u0629","item":"https:\/\/turkblogs.com\/tr\/"},{"@type":"ListItem","position":2,"name":"T\u00fcrk Bayra\u011f\u0131 (Tarihi &#8211; Renkleri &#8211; Kullan\u0131m Alanlar\u0131 &#8211; Efsaneler)"}]},{"@type":"WebSite","@id":"https:\/\/turkblogs.com\/tr\/#website","url":"https:\/\/turkblogs.com\/tr\/","name":"Turk Blogs","description":"Stay informed with Turk Blogs \u2013 your source for the latest news and insights on Turkey and\u00a0global\u00a0events.","publisher":{"@id":"https:\/\/turkblogs.com\/tr\/#organization"},"potentialAction":[{"@type":"SearchAction","target":{"@type":"EntryPoint","urlTemplate":"https:\/\/turkblogs.com\/tr\/?s={search_term_string}"},"query-input":{"@type":"PropertyValueSpecification","valueRequired":true,"valueName":"search_term_string"}}],"inLanguage":"tr"},{"@type":"Organization","@id":"https:\/\/turkblogs.com\/tr\/#organization","name":"Turk Blogs","url":"https:\/\/turkblogs.com\/tr\/","logo":{"@type":"ImageObject","inLanguage":"tr","@id":"https:\/\/turkblogs.com\/tr\/#\/schema\/logo\/image\/","url":"https:\/\/turkblogs.com\/wp-content\/uploads\/2023\/11\/tr-blogo-logo-icon.png","contentUrl":"https:\/\/turkblogs.com\/wp-content\/uploads\/2023\/11\/tr-blogo-logo-icon.png","width":100,"height":100,"caption":"Turk Blogs"},"image":{"@id":"https:\/\/turkblogs.com\/tr\/#\/schema\/logo\/image\/"},"sameAs":["https:\/\/www.facebook.com\/profile.php?id=61554105234628","https:\/\/x.com\/turkblogs"]},{"@type":"Person","@id":"https:\/\/turkblogs.com\/tr\/#\/schema\/person\/c80e947f9053fd02278fab3e1aa4adb9","name":"Bedir KAYA","image":{"@type":"ImageObject","inLanguage":"tr","@id":"https:\/\/secure.gravatar.com\/avatar\/6fc6aa9fc4b8c21f6622cf94889a482227ef0c6018e0d0fa080dba904dd8b55d?s=96&d=mm&r=g","url":"https:\/\/secure.gravatar.com\/avatar\/6fc6aa9fc4b8c21f6622cf94889a482227ef0c6018e0d0fa080dba904dd8b55d?s=96&d=mm&r=g","contentUrl":"https:\/\/secure.gravatar.com\/avatar\/6fc6aa9fc4b8c21f6622cf94889a482227ef0c6018e0d0fa080dba904dd8b55d?s=96&d=mm&r=g","caption":"Bedir KAYA"},"sameAs":["https:\/\/turkblogs.com"],"url":"https:\/\/turkblogs.com\/tr\/author\/invest55332\/"}]}},"_links":{"self":[{"href":"https:\/\/turkblogs.com\/tr\/wp-json\/wp\/v2\/posts\/1434","targetHints":{"allow":["GET"]}}],"collection":[{"href":"https:\/\/turkblogs.com\/tr\/wp-json\/wp\/v2\/posts"}],"about":[{"href":"https:\/\/turkblogs.com\/tr\/wp-json\/wp\/v2\/types\/post"}],"author":[{"embeddable":true,"href":"https:\/\/turkblogs.com\/tr\/wp-json\/wp\/v2\/users\/1"}],"replies":[{"embeddable":true,"href":"https:\/\/turkblogs.com\/tr\/wp-json\/wp\/v2\/comments?post=1434"}],"version-history":[{"count":0,"href":"https:\/\/turkblogs.com\/tr\/wp-json\/wp\/v2\/posts\/1434\/revisions"}],"wp:featuredmedia":[{"embeddable":true,"href":"https:\/\/turkblogs.com\/tr\/wp-json\/wp\/v2\/media\/1435"}],"wp:attachment":[{"href":"https:\/\/turkblogs.com\/tr\/wp-json\/wp\/v2\/media?parent=1434"}],"wp:term":[{"taxonomy":"category","embeddable":true,"href":"https:\/\/turkblogs.com\/tr\/wp-json\/wp\/v2\/categories?post=1434"},{"taxonomy":"post_tag","embeddable":true,"href":"https:\/\/turkblogs.com\/tr\/wp-json\/wp\/v2\/tags?post=1434"}],"curies":[{"name":"wp","href":"https:\/\/api.w.org\/{rel}","templated":true}]}}