{"id":13244,"date":"2024-11-16T18:44:09","date_gmt":"2024-11-16T18:44:09","guid":{"rendered":"https:\/\/turkblogs.com\/?p=13244"},"modified":"2024-11-16T18:44:10","modified_gmt":"2024-11-16T18:44:10","slug":"kahve-falinda-ataturk-gormek","status":"publish","type":"post","link":"https:\/\/turkblogs.com\/tr\/kahve-falinda-ataturk-gormek\/","title":{"rendered":"Falda Atat\u00fcrk G\u00f6rmek Ne Anlama Gelir?"},"content":{"rendered":"\n<p>Kahve fal\u0131nda g\u00f6r\u00fclen semboller, genellikle ki\u015fisel duygu durumlar\u0131, gelecek planlar\u0131 ve \u00f6nemli mesajlar hakk\u0131nda ipu\u00e7lar\u0131 verir. <strong>Falda Atat\u00fcrk g\u00f6rmek<\/strong>, fal sahibi i\u00e7in derin anlamlar ta\u015f\u0131yan g\u00fc\u00e7l\u00fc bir sembold\u00fcr. Bu fig\u00fcr, liderlik, \u00f6zg\u00fcrl\u00fck, vatan sevgisi ve y\u00fcksek idealleri simgeler. Peki, <strong>kahve fal\u0131nda Atat\u00fcrk g\u00f6rmek<\/strong> ne anlama gelir? \u0130\u015fte bu \u00f6zel sembol\u00fcn detayl\u0131 a\u00e7\u0131klamalar\u0131:<\/p>\n\n\n\n<h2 class=\"wp-block-heading\" id=\"h-falda-ataturk-gormek-ne-demektir\"><strong>Falda Atat\u00fcrk G\u00f6rmek Ne Demektir?<\/strong><\/h2>\n\n\n\n<p>Falda Atat\u00fcrk fig\u00fcr\u00fcn\u00fcn g\u00f6r\u00fclmesi, genellikle fal sahibinin hayat\u0131nda \u00f6nemli bir d\u00f6n\u00fcm noktas\u0131na i\u015faret eder. Bu sembol, ki\u015finin hayallerine ula\u015fmas\u0131 i\u00e7in kararl\u0131 bir \u015fekilde ilerlemesi gerekti\u011fini vurgular. Atat\u00fcrk, ileri g\u00f6r\u00fc\u015fl\u00fcl\u00fc\u011f\u00fc ve liderlik \u00f6zellikleriyle tan\u0131nd\u0131\u011f\u0131 i\u00e7in bu fig\u00fcr, fal sahibinin de ya\u015fam\u0131nda g\u00fc\u00e7l\u00fc bir liderlik rol\u00fc \u00fcstlenece\u011fini ifade edebilir.<\/p>\n\n\n\n<p>Ayn\u0131 zamanda, bu sembol vatan sevgisi, m\u00fccadele ruhu ve fedak\u00e2rl\u0131k gibi de\u011ferleri de temsil eder. E\u011fer Atat\u00fcrk fig\u00fcr\u00fc net bir \u015fekilde g\u00f6r\u00fcl\u00fcyorsa, bu, fal sahibinin hayat\u0131nda anlaml\u0131 bir de\u011fi\u015fimin e\u015fi\u011finde oldu\u011funu g\u00f6sterir. Bulan\u0131k bir fig\u00fcr ise, al\u0131nacak kararlar\u0131n dikkatle d\u00fc\u015f\u00fcn\u00fclmesi gerekti\u011fine i\u015faret edebilir.<\/p>\n\n\n\n<figure class=\"wp-block-image size-large is-resized\"><img loading=\"lazy\" decoding=\"async\" width=\"1024\" height=\"484\" src=\"https:\/\/turkblogs.com\/wp-content\/uploads\/2024\/11\/content_2023-10-20_15-19-35-1024x484.jpg\" alt=\"Falda Atat\u00fcrk G\u00f6rmek\" class=\"wp-image-13245\" style=\"width:1068px;height:auto\" srcset=\"https:\/\/turkblogs.com\/wp-content\/uploads\/2024\/11\/content_2023-10-20_15-19-35-1024x484.jpg 1024w, https:\/\/turkblogs.com\/wp-content\/uploads\/2024\/11\/content_2023-10-20_15-19-35-300x142.jpg 300w, https:\/\/turkblogs.com\/wp-content\/uploads\/2024\/11\/content_2023-10-20_15-19-35-768x363.jpg 768w, https:\/\/turkblogs.com\/wp-content\/uploads\/2024\/11\/content_2023-10-20_15-19-35-1536x725.jpg 1536w, https:\/\/turkblogs.com\/wp-content\/uploads\/2024\/11\/content_2023-10-20_15-19-35-2048x967.jpg 2048w, https:\/\/turkblogs.com\/wp-content\/uploads\/2024\/11\/content_2023-10-20_15-19-35-889x420.jpg 889w, https:\/\/turkblogs.com\/wp-content\/uploads\/2024\/11\/content_2023-10-20_15-19-35-696x329.jpg 696w, https:\/\/turkblogs.com\/wp-content\/uploads\/2024\/11\/content_2023-10-20_15-19-35-1068x504.jpg 1068w, https:\/\/turkblogs.com\/wp-content\/uploads\/2024\/11\/content_2023-10-20_15-19-35-1920x907.jpg 1920w\" sizes=\"auto, (max-width: 1024px) 100vw, 1024px\" \/><\/figure>\n\n\n\n<h2 class=\"wp-block-heading\" id=\"h-falda-ataturk-gormek-figur-olarak-neleri-ifade-eder\"><strong>Falda Atat\u00fcrk G\u00f6rmek Fig\u00fcr Olarak Neleri \u0130fade Eder?<\/strong><\/h2>\n\n\n\n<p>Atat\u00fcrk fig\u00fcr\u00fc, kahve fal\u0131nda geni\u015f bir anlam yelpazesine sahiptir. Bu fig\u00fcr\u00fcn ifade etti\u011fi baz\u0131 temel kavramlar \u015funlard\u0131r:<\/p>\n\n\n\n<ul class=\"wp-block-list\">\n<li><strong>Liderlik ve Kararl\u0131l\u0131k<\/strong>: Hayat\u0131n\u0131zda kontrol\u00fc ele alman\u0131z gerekti\u011fini simgeler.<\/li>\n\n\n\n<li><strong>Vatanseverlik ve Sadakat<\/strong>: Sizi g\u00fc\u00e7l\u00fc ba\u011flarla ba\u011fl\u0131 oldu\u011funuz de\u011ferlere y\u00f6nlendirir.<\/li>\n\n\n\n<li><strong>\u0130lham ve Y\u00fcksek \u0130dealler<\/strong>: B\u00fcy\u00fck hedefler belirlemek ve bunlara ula\u015fmak i\u00e7in cesaretli ad\u0131mlar atman\u0131z\u0131 \u00f6nerir.<\/li>\n\n\n\n<li><strong>M\u00fccadele Ruhu<\/strong>: Zorluklar\u0131n \u00fcstesinden gelmek i\u00e7in kararl\u0131l\u0131kla ilerlemeniz gerekti\u011fini vurgular.<\/li>\n<\/ul>\n\n\n\n<p>Atat\u00fcrk fig\u00fcr\u00fc, hayat\u0131n\u0131zda y\u00fcksek idealleri ve fedak\u00e2rl\u0131\u011f\u0131 temsil ederken, \u00e7evrenizdeki insanlar\u0131n sizi bir lider olarak g\u00f6rebilece\u011fine de i\u015faret eder.<\/p>\n\n\n\n<figure class=\"wp-block-image size-large is-resized\"><img loading=\"lazy\" decoding=\"async\" width=\"1024\" height=\"567\" src=\"https:\/\/turkblogs.com\/wp-content\/uploads\/2024\/11\/ataturk-uniforma-kemer-1024x567.jpg\" alt=\"Falda Atat\u00fcrk G\u00f6rmek\" class=\"wp-image-13248\" style=\"width:1068px;height:auto\" srcset=\"https:\/\/turkblogs.com\/wp-content\/uploads\/2024\/11\/ataturk-uniforma-kemer-1024x567.jpg 1024w, https:\/\/turkblogs.com\/wp-content\/uploads\/2024\/11\/ataturk-uniforma-kemer-300x166.jpg 300w, https:\/\/turkblogs.com\/wp-content\/uploads\/2024\/11\/ataturk-uniforma-kemer-768x425.jpg 768w, https:\/\/turkblogs.com\/wp-content\/uploads\/2024\/11\/ataturk-uniforma-kemer-1536x851.jpg 1536w, https:\/\/turkblogs.com\/wp-content\/uploads\/2024\/11\/ataturk-uniforma-kemer-758x420.jpg 758w, https:\/\/turkblogs.com\/wp-content\/uploads\/2024\/11\/ataturk-uniforma-kemer-696x385.jpg 696w, https:\/\/turkblogs.com\/wp-content\/uploads\/2024\/11\/ataturk-uniforma-kemer-1068x592.jpg 1068w, https:\/\/turkblogs.com\/wp-content\/uploads\/2024\/11\/ataturk-uniforma-kemer.jpg 1574w\" sizes=\"auto, (max-width: 1024px) 100vw, 1024px\" \/><\/figure>\n\n\n\n<h2 class=\"wp-block-heading\" id=\"h-falda-ataturk-gormek-nasil-yorumlanmali\"><strong>Falda Atat\u00fcrk G\u00f6rmek Nas\u0131l Yorumlanmal\u0131?<\/strong><\/h2>\n\n\n\n<p>Atat\u00fcrk fig\u00fcr\u00fcn\u00fcn falda g\u00f6r\u00fclmesi, ki\u015finin b\u00fcy\u00fck bir sorumlulu\u011fun e\u015fi\u011finde oldu\u011funa i\u015faret edebilir. Bu fig\u00fcr, fal sahibinin hayat\u0131nda liderlik rol\u00fc \u00fcstlenmesi, \u00e7evresine ilham vermesi ve g\u00fc\u00e7l\u00fc bir duru\u015f sergilemesi gerekti\u011fini vurgular.<\/p>\n\n\n\n<p>E\u011fer Atat\u00fcrk fig\u00fcr\u00fcn\u00fcn yan\u0131nda bayrak veya y\u0131ld\u0131z gibi semboller g\u00f6r\u00fcl\u00fcyorsa, bu, fal sahibinin \u00e7evresinden takdir g\u00f6rece\u011fine ve \u00f6nemli bir ba\u015far\u0131ya imza ataca\u011f\u0131na delalet eder. E\u011fer fig\u00fcr\u00fcn \u00e7evresinde bir da\u011f sembol\u00fc varsa, bu, zorluklar\u0131n ve engellerin \u00fcstesinden gelinece\u011fini simgeler.<\/p>\n\n\n\n<p>Atat\u00fcrk fig\u00fcr\u00fc, fal sahibine yaln\u0131zca liderlik \u00f6zelliklerini de\u011fil, ayn\u0131 zamanda de\u011ferlerine sad\u0131k kalarak ya\u015fam\u0131n\u0131 s\u00fcrd\u00fcrmesi gerekti\u011fini hat\u0131rlat\u0131r.<\/p>\n\n\n\n<figure class=\"wp-block-image size-large is-resized\"><img loading=\"lazy\" decoding=\"async\" width=\"1024\" height=\"576\" src=\"https:\/\/turkblogs.com\/wp-content\/uploads\/2024\/11\/ataturk-1690-1024x576.jpg\" alt=\"Falda Atat\u00fcrk G\u00f6rmek\" class=\"wp-image-13251\" style=\"width:1068px;height:auto\" srcset=\"https:\/\/turkblogs.com\/wp-content\/uploads\/2024\/11\/ataturk-1690-1024x576.jpg 1024w, https:\/\/turkblogs.com\/wp-content\/uploads\/2024\/11\/ataturk-1690-300x169.jpg 300w, https:\/\/turkblogs.com\/wp-content\/uploads\/2024\/11\/ataturk-1690-768x432.jpg 768w, https:\/\/turkblogs.com\/wp-content\/uploads\/2024\/11\/ataturk-1690-747x420.jpg 747w, https:\/\/turkblogs.com\/wp-content\/uploads\/2024\/11\/ataturk-1690-696x392.jpg 696w, https:\/\/turkblogs.com\/wp-content\/uploads\/2024\/11\/ataturk-1690-1068x601.jpg 1068w, https:\/\/turkblogs.com\/wp-content\/uploads\/2024\/11\/ataturk-1690.jpg 1200w\" sizes=\"auto, (max-width: 1024px) 100vw, 1024px\" \/><\/figure>\n\n\n\n<h2 class=\"wp-block-heading\" id=\"h-falda-ataturk-gormek-tarihsel-anlami-nedir\"><strong>Falda Atat\u00fcrk G\u00f6rmek Tarihsel Anlam\u0131 Nedir?<\/strong><\/h2>\n\n\n\n<p>Atat\u00fcrk, T\u00fcrkiye\u2019nin ba\u011f\u0131ms\u0131zl\u0131k m\u00fccadelesinin ve Cumhuriyet\u2019in kurucusu olarak d\u00fcnya tarihinde \u00f6zel bir yere sahiptir. Falda bu fig\u00fcr\u00fcn g\u00f6r\u00fclmesi, tarihsel anlam\u0131yla ki\u015finin hayat\u0131nda g\u00fc\u00e7l\u00fc bir d\u00f6n\u00fcm noktas\u0131n\u0131 ve gelece\u011fe dair y\u00fcksek idealleri temsil eder.<\/p>\n\n\n\n<p>Bu sembol, fal sahibine Atat\u00fcrk\u2019\u00fcn kararl\u0131l\u0131\u011f\u0131 ve ileri g\u00f6r\u00fc\u015fl\u00fcl\u00fc\u011f\u00fc gibi niteliklerini benimseyerek hayat\u0131nda \u00f6nemli de\u011fi\u015fimler yaratmas\u0131 gerekti\u011fini i\u015faret eder. Falda Atat\u00fcrk fig\u00fcr\u00fcn\u00fc g\u00f6rmek, yaln\u0131zca bir sembol de\u011fil, ayn\u0131 zamanda ki\u015fisel ve toplumsal de\u011ferlere olan ba\u011fl\u0131l\u0131\u011f\u0131n bir yans\u0131mas\u0131d\u0131r.<\/p>\n\n\n\n<p><strong>Kahve fal\u0131nda Atat\u00fcrk g\u00f6rmek<\/strong>, liderlik, y\u00fcksek idealler ve g\u00fc\u00e7l\u00fc bir duru\u015f sergilemekle ilgilidir. Bu fig\u00fcr, fal sahibine hayallerine ula\u015fma yolunda ilham verirken, cesaret ve kararl\u0131l\u0131\u011f\u0131 \u00f6n planda tutmas\u0131n\u0131 \u00f6nerir.<\/p>\n\n\n\n<p>\u201cFalda Atat\u00fcrk G\u00f6rmek Ne Anlama Gelir?\u201d adl\u0131 makalemizi be\u011fendiyseniz ve kahve fal\u0131 simgeleri hakk\u0131nda daha fazla bilgi almak isterseniz l\u00fctfen\u00a0<a href=\"https:\/\/turkblogs.com\/tr\/\">TurkBlogs<\/a>\u00a0ana sayfam\u0131z\u0131 ziyaret ediniz.<\/p>\n","protected":false},"excerpt":{"rendered":"<p>Kahve fal\u0131nda g\u00f6r\u00fclen semboller, genellikle ki\u015fisel duygu durumlar\u0131, gelecek planlar\u0131 ve \u00f6nemli mesajlar hakk\u0131nda ipu\u00e7lar\u0131 verir. Falda Atat\u00fcrk g\u00f6rmek, fal sahibi i\u00e7in derin anlamlar ta\u015f\u0131yan g\u00fc\u00e7l\u00fc bir sembold\u00fcr. Bu fig\u00fcr, liderlik, \u00f6zg\u00fcrl\u00fck, vatan sevgisi ve y\u00fcksek idealleri simgeler. Peki, kahve fal\u0131nda Atat\u00fcrk g\u00f6rmek ne anlama gelir? \u0130\u015fte bu \u00f6zel sembol\u00fcn detayl\u0131 a\u00e7\u0131klamalar\u0131: Falda Atat\u00fcrk G\u00f6rmek [&hellip;]<\/p>\n","protected":false},"author":2,"featured_media":13254,"comment_status":"open","ping_status":"open","sticky":false,"template":"","format":"standard","meta":{"footnotes":""},"categories":[61],"tags":[4713,4668,4715,4654,4714],"class_list":{"0":"post-13244","1":"post","2":"type-post","3":"status-publish","4":"format-standard","5":"has-post-thumbnail","7":"category-yasam-tarzi","8":"tag-ataturk","9":"tag-fal","10":"tag-falda-ataturk-gormek","11":"tag-kahve-fali","12":"tag-kahve-falinda-ataturk-gormek"},"yoast_head":"<!-- This site is optimized with the Yoast SEO plugin v27.5 - https:\/\/yoast.com\/product\/yoast-seo-wordpress\/ -->\n<title>Falda Atat\u00fcrk G\u00f6rmek Ne Anlama Gelir? - Turk Blogs<\/title>\n<meta name=\"description\" content=\"&quot;Falda Atat\u00fcrk g\u00f6rmek, liderlik, cesaret ve y\u00fcksek idealleri simgeler. Bu sembol, g\u00fc\u00e7l\u00fc bir duru\u015f sergileyerek hayallerinize ula\u015fman\u0131z\u0131 \u00f6nerir.&quot;\" \/>\n<meta name=\"robots\" content=\"index, follow, max-snippet:-1, max-image-preview:large, max-video-preview:-1\" \/>\n<link rel=\"canonical\" href=\"https:\/\/turkblogs.com\/tr\/kahve-falinda-ataturk-gormek\/\" \/>\n<meta property=\"og:locale\" content=\"tr_TR\" \/>\n<meta property=\"og:type\" content=\"article\" \/>\n<meta property=\"og:title\" content=\"Falda Atat\u00fcrk G\u00f6rmek Ne Anlama Gelir? - Turk Blogs\" \/>\n<meta property=\"og:description\" content=\"&quot;Falda Atat\u00fcrk g\u00f6rmek, liderlik, cesaret ve y\u00fcksek idealleri simgeler. Bu sembol, g\u00fc\u00e7l\u00fc bir duru\u015f sergileyerek hayallerinize ula\u015fman\u0131z\u0131 \u00f6nerir.&quot;\" \/>\n<meta property=\"og:url\" content=\"https:\/\/turkblogs.com\/tr\/kahve-falinda-ataturk-gormek\/\" \/>\n<meta property=\"og:site_name\" content=\"Turk Blogs\" \/>\n<meta property=\"article:publisher\" content=\"https:\/\/www.facebook.com\/profile.php?id=61554105234628\" \/>\n<meta property=\"article:published_time\" content=\"2024-11-16T18:44:09+00:00\" \/>\n<meta property=\"article:modified_time\" content=\"2024-11-16T18:44:10+00:00\" \/>\n<meta property=\"og:image\" content=\"https:\/\/turkblogs.com\/wp-content\/uploads\/2024\/11\/1089789223_0_0_864_486_1920x0_80_0_0_21c3d2519011fe18517e4b8daf041992.jpg\" \/>\n\t<meta property=\"og:image:width\" content=\"1920\" \/>\n\t<meta property=\"og:image:height\" content=\"1080\" \/>\n\t<meta property=\"og:image:type\" content=\"image\/jpeg\" \/>\n<meta name=\"author\" content=\"Erhan \u00d6ZBEN\" \/>\n<meta name=\"twitter:card\" content=\"summary_large_image\" \/>\n<meta name=\"twitter:creator\" content=\"@turkblogs\" \/>\n<meta name=\"twitter:site\" content=\"@turkblogs\" \/>\n<meta name=\"twitter:label1\" content=\"Yazan:\" \/>\n\t<meta name=\"twitter:data1\" content=\"Erhan \u00d6ZBEN\" \/>\n\t<meta name=\"twitter:label2\" content=\"Tahmini okuma s\u00fcresi\" \/>\n\t<meta name=\"twitter:data2\" content=\"4 dakika\" \/>\n<script type=\"application\/ld+json\" class=\"yoast-schema-graph\">{\"@context\":\"https:\\\/\\\/schema.org\",\"@graph\":[{\"@type\":\"Article\",\"@id\":\"https:\\\/\\\/turkblogs.com\\\/tr\\\/kahve-falinda-ataturk-gormek\\\/#article\",\"isPartOf\":{\"@id\":\"https:\\\/\\\/turkblogs.com\\\/tr\\\/kahve-falinda-ataturk-gormek\\\/\"},\"author\":{\"name\":\"Erhan \u00d6ZBEN\",\"@id\":\"https:\\\/\\\/turkblogs.com\\\/tr\\\/#\\\/schema\\\/person\\\/8a2eaf976251e14ed49c1c2875f127b4\"},\"headline\":\"Falda Atat\u00fcrk G\u00f6rmek Ne Anlama Gelir?\",\"datePublished\":\"2024-11-16T18:44:09+00:00\",\"dateModified\":\"2024-11-16T18:44:10+00:00\",\"mainEntityOfPage\":{\"@id\":\"https:\\\/\\\/turkblogs.com\\\/tr\\\/kahve-falinda-ataturk-gormek\\\/\"},\"wordCount\":701,\"commentCount\":0,\"publisher\":{\"@id\":\"https:\\\/\\\/turkblogs.com\\\/tr\\\/#organization\"},\"image\":{\"@id\":\"https:\\\/\\\/turkblogs.com\\\/tr\\\/kahve-falinda-ataturk-gormek\\\/#primaryimage\"},\"thumbnailUrl\":\"https:\\\/\\\/turkblogs.com\\\/wp-content\\\/uploads\\\/2024\\\/11\\\/1089789223_0_0_864_486_1920x0_80_0_0_21c3d2519011fe18517e4b8daf041992.jpg\",\"keywords\":[\"atat\u00fcrk\",\"fal\",\"falda atat\u00fcrk g\u00f6rmek\",\"kahve fal\u0131\",\"kahve fal\u0131nda atat\u00fcrk g\u00f6rmek\"],\"articleSection\":[\"Ya\u015fam tarz\u0131\"],\"inLanguage\":\"tr\",\"potentialAction\":[{\"@type\":\"CommentAction\",\"name\":\"Comment\",\"target\":[\"https:\\\/\\\/turkblogs.com\\\/tr\\\/kahve-falinda-ataturk-gormek\\\/#respond\"]}]},{\"@type\":\"WebPage\",\"@id\":\"https:\\\/\\\/turkblogs.com\\\/tr\\\/kahve-falinda-ataturk-gormek\\\/\",\"url\":\"https:\\\/\\\/turkblogs.com\\\/tr\\\/kahve-falinda-ataturk-gormek\\\/\",\"name\":\"Falda Atat\u00fcrk G\u00f6rmek Ne Anlama Gelir? - Turk Blogs\",\"isPartOf\":{\"@id\":\"https:\\\/\\\/turkblogs.com\\\/tr\\\/#website\"},\"primaryImageOfPage\":{\"@id\":\"https:\\\/\\\/turkblogs.com\\\/tr\\\/kahve-falinda-ataturk-gormek\\\/#primaryimage\"},\"image\":{\"@id\":\"https:\\\/\\\/turkblogs.com\\\/tr\\\/kahve-falinda-ataturk-gormek\\\/#primaryimage\"},\"thumbnailUrl\":\"https:\\\/\\\/turkblogs.com\\\/wp-content\\\/uploads\\\/2024\\\/11\\\/1089789223_0_0_864_486_1920x0_80_0_0_21c3d2519011fe18517e4b8daf041992.jpg\",\"datePublished\":\"2024-11-16T18:44:09+00:00\",\"dateModified\":\"2024-11-16T18:44:10+00:00\",\"description\":\"\\\"Falda Atat\u00fcrk g\u00f6rmek, liderlik, cesaret ve y\u00fcksek idealleri simgeler. Bu sembol, g\u00fc\u00e7l\u00fc bir duru\u015f sergileyerek hayallerinize ula\u015fman\u0131z\u0131 \u00f6nerir.\\\"\",\"breadcrumb\":{\"@id\":\"https:\\\/\\\/turkblogs.com\\\/tr\\\/kahve-falinda-ataturk-gormek\\\/#breadcrumb\"},\"inLanguage\":\"tr\",\"potentialAction\":[{\"@type\":\"ReadAction\",\"target\":[\"https:\\\/\\\/turkblogs.com\\\/tr\\\/kahve-falinda-ataturk-gormek\\\/\"]}]},{\"@type\":\"ImageObject\",\"inLanguage\":\"tr\",\"@id\":\"https:\\\/\\\/turkblogs.com\\\/tr\\\/kahve-falinda-ataturk-gormek\\\/#primaryimage\",\"url\":\"https:\\\/\\\/turkblogs.com\\\/wp-content\\\/uploads\\\/2024\\\/11\\\/1089789223_0_0_864_486_1920x0_80_0_0_21c3d2519011fe18517e4b8daf041992.jpg\",\"contentUrl\":\"https:\\\/\\\/turkblogs.com\\\/wp-content\\\/uploads\\\/2024\\\/11\\\/1089789223_0_0_864_486_1920x0_80_0_0_21c3d2519011fe18517e4b8daf041992.jpg\",\"width\":1920,\"height\":1080,\"caption\":\"Falda Atat\u00fcrk G\u00f6rmek Ne Anlama Gelir?\"},{\"@type\":\"BreadcrumbList\",\"@id\":\"https:\\\/\\\/turkblogs.com\\\/tr\\\/kahve-falinda-ataturk-gormek\\\/#breadcrumb\",\"itemListElement\":[{\"@type\":\"ListItem\",\"position\":1,\"name\":\"\u0627\u0644\u0631\u0626\u064a\u0633\u064a\u0629\",\"item\":\"https:\\\/\\\/turkblogs.com\\\/tr\\\/\"},{\"@type\":\"ListItem\",\"position\":2,\"name\":\"Falda Atat\u00fcrk G\u00f6rmek Ne Anlama Gelir?\"}]},{\"@type\":\"WebSite\",\"@id\":\"https:\\\/\\\/turkblogs.com\\\/tr\\\/#website\",\"url\":\"https:\\\/\\\/turkblogs.com\\\/tr\\\/\",\"name\":\"Turk Blogs\",\"description\":\"Stay informed with Turk Blogs \u2013 your source for the latest news and insights on Turkey and\u00a0global\u00a0events.\",\"publisher\":{\"@id\":\"https:\\\/\\\/turkblogs.com\\\/tr\\\/#organization\"},\"potentialAction\":[{\"@type\":\"SearchAction\",\"target\":{\"@type\":\"EntryPoint\",\"urlTemplate\":\"https:\\\/\\\/turkblogs.com\\\/tr\\\/?s={search_term_string}\"},\"query-input\":{\"@type\":\"PropertyValueSpecification\",\"valueRequired\":true,\"valueName\":\"search_term_string\"}}],\"inLanguage\":\"tr\"},{\"@type\":\"Organization\",\"@id\":\"https:\\\/\\\/turkblogs.com\\\/tr\\\/#organization\",\"name\":\"Turk Blogs\",\"url\":\"https:\\\/\\\/turkblogs.com\\\/tr\\\/\",\"logo\":{\"@type\":\"ImageObject\",\"inLanguage\":\"tr\",\"@id\":\"https:\\\/\\\/turkblogs.com\\\/tr\\\/#\\\/schema\\\/logo\\\/image\\\/\",\"url\":\"https:\\\/\\\/turkblogs.com\\\/wp-content\\\/uploads\\\/2023\\\/11\\\/tr-blogo-logo-icon.png\",\"contentUrl\":\"https:\\\/\\\/turkblogs.com\\\/wp-content\\\/uploads\\\/2023\\\/11\\\/tr-blogo-logo-icon.png\",\"width\":100,\"height\":100,\"caption\":\"Turk Blogs\"},\"image\":{\"@id\":\"https:\\\/\\\/turkblogs.com\\\/tr\\\/#\\\/schema\\\/logo\\\/image\\\/\"},\"sameAs\":[\"https:\\\/\\\/www.facebook.com\\\/profile.php?id=61554105234628\",\"https:\\\/\\\/x.com\\\/turkblogs\"]},{\"@type\":\"Person\",\"@id\":\"https:\\\/\\\/turkblogs.com\\\/tr\\\/#\\\/schema\\\/person\\\/8a2eaf976251e14ed49c1c2875f127b4\",\"name\":\"Erhan \u00d6ZBEN\",\"image\":{\"@type\":\"ImageObject\",\"inLanguage\":\"tr\",\"@id\":\"https:\\\/\\\/secure.gravatar.com\\\/avatar\\\/25b9cf63655c5b08a786cfdeafb5ca0294adae71c82f4b803cef59e139bbd0c5?s=96&d=mm&r=g\",\"url\":\"https:\\\/\\\/secure.gravatar.com\\\/avatar\\\/25b9cf63655c5b08a786cfdeafb5ca0294adae71c82f4b803cef59e139bbd0c5?s=96&d=mm&r=g\",\"contentUrl\":\"https:\\\/\\\/secure.gravatar.com\\\/avatar\\\/25b9cf63655c5b08a786cfdeafb5ca0294adae71c82f4b803cef59e139bbd0c5?s=96&d=mm&r=g\",\"caption\":\"Erhan \u00d6ZBEN\"},\"sameAs\":[\"https:\\\/\\\/turkblogs.com\\\/\"],\"url\":\"https:\\\/\\\/turkblogs.com\\\/tr\\\/author\\\/erhanozben\\\/\"}]}<\/script>\n<!-- \/ Yoast SEO plugin. -->","yoast_head_json":{"title":"Falda Atat\u00fcrk G\u00f6rmek Ne Anlama Gelir? - Turk Blogs","description":"\"Falda Atat\u00fcrk g\u00f6rmek, liderlik, cesaret ve y\u00fcksek idealleri simgeler. Bu sembol, g\u00fc\u00e7l\u00fc bir duru\u015f sergileyerek hayallerinize ula\u015fman\u0131z\u0131 \u00f6nerir.\"","robots":{"index":"index","follow":"follow","max-snippet":"max-snippet:-1","max-image-preview":"max-image-preview:large","max-video-preview":"max-video-preview:-1"},"canonical":"https:\/\/turkblogs.com\/tr\/kahve-falinda-ataturk-gormek\/","og_locale":"tr_TR","og_type":"article","og_title":"Falda Atat\u00fcrk G\u00f6rmek Ne Anlama Gelir? - Turk Blogs","og_description":"\"Falda Atat\u00fcrk g\u00f6rmek, liderlik, cesaret ve y\u00fcksek idealleri simgeler. Bu sembol, g\u00fc\u00e7l\u00fc bir duru\u015f sergileyerek hayallerinize ula\u015fman\u0131z\u0131 \u00f6nerir.\"","og_url":"https:\/\/turkblogs.com\/tr\/kahve-falinda-ataturk-gormek\/","og_site_name":"Turk Blogs","article_publisher":"https:\/\/www.facebook.com\/profile.php?id=61554105234628","article_published_time":"2024-11-16T18:44:09+00:00","article_modified_time":"2024-11-16T18:44:10+00:00","og_image":[{"width":1920,"height":1080,"url":"https:\/\/turkblogs.com\/wp-content\/uploads\/2024\/11\/1089789223_0_0_864_486_1920x0_80_0_0_21c3d2519011fe18517e4b8daf041992.jpg","type":"image\/jpeg"}],"author":"Erhan \u00d6ZBEN","twitter_card":"summary_large_image","twitter_creator":"@turkblogs","twitter_site":"@turkblogs","twitter_misc":{"Yazan:":"Erhan \u00d6ZBEN","Tahmini okuma s\u00fcresi":"4 dakika"},"schema":{"@context":"https:\/\/schema.org","@graph":[{"@type":"Article","@id":"https:\/\/turkblogs.com\/tr\/kahve-falinda-ataturk-gormek\/#article","isPartOf":{"@id":"https:\/\/turkblogs.com\/tr\/kahve-falinda-ataturk-gormek\/"},"author":{"name":"Erhan \u00d6ZBEN","@id":"https:\/\/turkblogs.com\/tr\/#\/schema\/person\/8a2eaf976251e14ed49c1c2875f127b4"},"headline":"Falda Atat\u00fcrk G\u00f6rmek Ne Anlama Gelir?","datePublished":"2024-11-16T18:44:09+00:00","dateModified":"2024-11-16T18:44:10+00:00","mainEntityOfPage":{"@id":"https:\/\/turkblogs.com\/tr\/kahve-falinda-ataturk-gormek\/"},"wordCount":701,"commentCount":0,"publisher":{"@id":"https:\/\/turkblogs.com\/tr\/#organization"},"image":{"@id":"https:\/\/turkblogs.com\/tr\/kahve-falinda-ataturk-gormek\/#primaryimage"},"thumbnailUrl":"https:\/\/turkblogs.com\/wp-content\/uploads\/2024\/11\/1089789223_0_0_864_486_1920x0_80_0_0_21c3d2519011fe18517e4b8daf041992.jpg","keywords":["atat\u00fcrk","fal","falda atat\u00fcrk g\u00f6rmek","kahve fal\u0131","kahve fal\u0131nda atat\u00fcrk g\u00f6rmek"],"articleSection":["Ya\u015fam tarz\u0131"],"inLanguage":"tr","potentialAction":[{"@type":"CommentAction","name":"Comment","target":["https:\/\/turkblogs.com\/tr\/kahve-falinda-ataturk-gormek\/#respond"]}]},{"@type":"WebPage","@id":"https:\/\/turkblogs.com\/tr\/kahve-falinda-ataturk-gormek\/","url":"https:\/\/turkblogs.com\/tr\/kahve-falinda-ataturk-gormek\/","name":"Falda Atat\u00fcrk G\u00f6rmek Ne Anlama Gelir? - Turk Blogs","isPartOf":{"@id":"https:\/\/turkblogs.com\/tr\/#website"},"primaryImageOfPage":{"@id":"https:\/\/turkblogs.com\/tr\/kahve-falinda-ataturk-gormek\/#primaryimage"},"image":{"@id":"https:\/\/turkblogs.com\/tr\/kahve-falinda-ataturk-gormek\/#primaryimage"},"thumbnailUrl":"https:\/\/turkblogs.com\/wp-content\/uploads\/2024\/11\/1089789223_0_0_864_486_1920x0_80_0_0_21c3d2519011fe18517e4b8daf041992.jpg","datePublished":"2024-11-16T18:44:09+00:00","dateModified":"2024-11-16T18:44:10+00:00","description":"\"Falda Atat\u00fcrk g\u00f6rmek, liderlik, cesaret ve y\u00fcksek idealleri simgeler. Bu sembol, g\u00fc\u00e7l\u00fc bir duru\u015f sergileyerek hayallerinize ula\u015fman\u0131z\u0131 \u00f6nerir.\"","breadcrumb":{"@id":"https:\/\/turkblogs.com\/tr\/kahve-falinda-ataturk-gormek\/#breadcrumb"},"inLanguage":"tr","potentialAction":[{"@type":"ReadAction","target":["https:\/\/turkblogs.com\/tr\/kahve-falinda-ataturk-gormek\/"]}]},{"@type":"ImageObject","inLanguage":"tr","@id":"https:\/\/turkblogs.com\/tr\/kahve-falinda-ataturk-gormek\/#primaryimage","url":"https:\/\/turkblogs.com\/wp-content\/uploads\/2024\/11\/1089789223_0_0_864_486_1920x0_80_0_0_21c3d2519011fe18517e4b8daf041992.jpg","contentUrl":"https:\/\/turkblogs.com\/wp-content\/uploads\/2024\/11\/1089789223_0_0_864_486_1920x0_80_0_0_21c3d2519011fe18517e4b8daf041992.jpg","width":1920,"height":1080,"caption":"Falda Atat\u00fcrk G\u00f6rmek Ne Anlama Gelir?"},{"@type":"BreadcrumbList","@id":"https:\/\/turkblogs.com\/tr\/kahve-falinda-ataturk-gormek\/#breadcrumb","itemListElement":[{"@type":"ListItem","position":1,"name":"\u0627\u0644\u0631\u0626\u064a\u0633\u064a\u0629","item":"https:\/\/turkblogs.com\/tr\/"},{"@type":"ListItem","position":2,"name":"Falda Atat\u00fcrk G\u00f6rmek Ne Anlama Gelir?"}]},{"@type":"WebSite","@id":"https:\/\/turkblogs.com\/tr\/#website","url":"https:\/\/turkblogs.com\/tr\/","name":"Turk Blogs","description":"Stay informed with Turk Blogs \u2013 your source for the latest news and insights on Turkey and\u00a0global\u00a0events.","publisher":{"@id":"https:\/\/turkblogs.com\/tr\/#organization"},"potentialAction":[{"@type":"SearchAction","target":{"@type":"EntryPoint","urlTemplate":"https:\/\/turkblogs.com\/tr\/?s={search_term_string}"},"query-input":{"@type":"PropertyValueSpecification","valueRequired":true,"valueName":"search_term_string"}}],"inLanguage":"tr"},{"@type":"Organization","@id":"https:\/\/turkblogs.com\/tr\/#organization","name":"Turk Blogs","url":"https:\/\/turkblogs.com\/tr\/","logo":{"@type":"ImageObject","inLanguage":"tr","@id":"https:\/\/turkblogs.com\/tr\/#\/schema\/logo\/image\/","url":"https:\/\/turkblogs.com\/wp-content\/uploads\/2023\/11\/tr-blogo-logo-icon.png","contentUrl":"https:\/\/turkblogs.com\/wp-content\/uploads\/2023\/11\/tr-blogo-logo-icon.png","width":100,"height":100,"caption":"Turk Blogs"},"image":{"@id":"https:\/\/turkblogs.com\/tr\/#\/schema\/logo\/image\/"},"sameAs":["https:\/\/www.facebook.com\/profile.php?id=61554105234628","https:\/\/x.com\/turkblogs"]},{"@type":"Person","@id":"https:\/\/turkblogs.com\/tr\/#\/schema\/person\/8a2eaf976251e14ed49c1c2875f127b4","name":"Erhan \u00d6ZBEN","image":{"@type":"ImageObject","inLanguage":"tr","@id":"https:\/\/secure.gravatar.com\/avatar\/25b9cf63655c5b08a786cfdeafb5ca0294adae71c82f4b803cef59e139bbd0c5?s=96&d=mm&r=g","url":"https:\/\/secure.gravatar.com\/avatar\/25b9cf63655c5b08a786cfdeafb5ca0294adae71c82f4b803cef59e139bbd0c5?s=96&d=mm&r=g","contentUrl":"https:\/\/secure.gravatar.com\/avatar\/25b9cf63655c5b08a786cfdeafb5ca0294adae71c82f4b803cef59e139bbd0c5?s=96&d=mm&r=g","caption":"Erhan \u00d6ZBEN"},"sameAs":["https:\/\/turkblogs.com\/"],"url":"https:\/\/turkblogs.com\/tr\/author\/erhanozben\/"}]}},"_links":{"self":[{"href":"https:\/\/turkblogs.com\/tr\/wp-json\/wp\/v2\/posts\/13244","targetHints":{"allow":["GET"]}}],"collection":[{"href":"https:\/\/turkblogs.com\/tr\/wp-json\/wp\/v2\/posts"}],"about":[{"href":"https:\/\/turkblogs.com\/tr\/wp-json\/wp\/v2\/types\/post"}],"author":[{"embeddable":true,"href":"https:\/\/turkblogs.com\/tr\/wp-json\/wp\/v2\/users\/2"}],"replies":[{"embeddable":true,"href":"https:\/\/turkblogs.com\/tr\/wp-json\/wp\/v2\/comments?post=13244"}],"version-history":[{"count":1,"href":"https:\/\/turkblogs.com\/tr\/wp-json\/wp\/v2\/posts\/13244\/revisions"}],"predecessor-version":[{"id":13257,"href":"https:\/\/turkblogs.com\/tr\/wp-json\/wp\/v2\/posts\/13244\/revisions\/13257"}],"wp:featuredmedia":[{"embeddable":true,"href":"https:\/\/turkblogs.com\/tr\/wp-json\/wp\/v2\/media\/13254"}],"wp:attachment":[{"href":"https:\/\/turkblogs.com\/tr\/wp-json\/wp\/v2\/media?parent=13244"}],"wp:term":[{"taxonomy":"category","embeddable":true,"href":"https:\/\/turkblogs.com\/tr\/wp-json\/wp\/v2\/categories?post=13244"},{"taxonomy":"post_tag","embeddable":true,"href":"https:\/\/turkblogs.com\/tr\/wp-json\/wp\/v2\/tags?post=13244"}],"curies":[{"name":"wp","href":"https:\/\/api.w.org\/{rel}","templated":true}]}}